{"id":197064,"date":"2022-04-01T17:46:33","date_gmt":"2022-04-01T20:46:33","guid":{"rendered":"https:\/\/diarioregionaldigital.com.br\/?p=197064"},"modified":"2022-04-01T17:46:33","modified_gmt":"2022-04-01T20:46:33","slug":"minas-planeja-flexibilizar-uso-de-mascaras-em-locais-fechados-a-partir-de-1-de-maio","status":"publish","type":"post","link":"https:\/\/diarioregionaldigital.com.br\/?p=197064","title":{"rendered":"Minas planeja flexibilizar uso de m\u00e1scaras em locais fechados a partir de 1\u00b0 de maio"},"content":{"rendered":"<p>O uso de m\u00e1scaras de prote\u00e7\u00e3o \u00e0 covid-19 deve deixar de ser obrigat\u00f3rio em locais fechados em Minas Gerais a partir de 1\/5. Em coletiva realizada nesta sexta-feira (1\/4), em Belo Horizonte, o secret\u00e1rio de\u00a0<a href=\"https:\/\/www.saude.mg.gov.br\/\" target=\"_blank\" rel=\"noopener\">Estado de Sa\u00fade de Minas Gerais<\/a>, o m\u00e9dico F\u00e1bio Baccheretti, falou que a flexibiliza\u00e7\u00e3o do uso do equipamento valer\u00e1 se a tend\u00eancia de casos da doen\u00e7a continuar em queda.<\/p>\n<p>\u201cEstamos num momento de queda no n\u00famero de casos de covid-19 em Minas, de avan\u00e7o na vacina\u00e7\u00e3o infantil e tamb\u00e9m de amplia\u00e7\u00e3o da segunda dose de refor\u00e7o, que a partir deste s\u00e1bado, 2\/4, abranger\u00e1 as pessoas maiores de 70 anos. A partir da tend\u00eancia de evolu\u00e7\u00e3o positiva do cen\u00e1rio, nossa expectativa \u00e9 a de que, a partir de 1\/5, o uso de m\u00e1scaras em ambientes fechados seja desobrigado em todo o estado, independente da cobertura vacinal alcan\u00e7ada individualmente em cada munic\u00edpio\u201d, afirmou Baccheretti.<\/p>\n<p>Vale destacar que a decis\u00e3o de libera\u00e7\u00e3o ou n\u00e3o das m\u00e1scaras cabe a cada munic\u00edpio. O Estado apenas faz a recomenda\u00e7\u00e3o.<\/p>\n<p>Ainda de acordo com o secret\u00e1rio, dentro do crit\u00e9rio de cobertura vacinal, atualmente 151 munic\u00edpios mineiros j\u00e1 apresentam condi\u00e7\u00f5es de fazer essa flexibiliza\u00e7\u00e3o. \u201cNo dia 10\/3, apenas quatro\u00a0munic\u00edpios apresentavam 70% da popula\u00e7\u00e3o vacinada com a dose de refor\u00e7o (DR) e, hoje, s\u00e3o 151 munic\u00edpios que alcan\u00e7aram essa cobertura. Outros 166 j\u00e1 est\u00e3o entre 60% e 70%. Lembramos que cabe \u00e0s gest\u00f5es municipais a decis\u00e3o de adotar ou n\u00e3o a medida (de desobrigar o uso de m\u00e1scaras em locais fechados)\u201d, disse.<\/p>\n<p><strong>Vacina\u00e7\u00e3o em Minas<\/strong><\/p>\n<p>At\u00e9 o momento, Minas Gerais apresenta 82% de cobertura para a primeira dose da vacina contra covid para a popula\u00e7\u00e3o total e 77% para a segunda dose. J\u00e1 com rela\u00e7\u00e3o \u00e0 dose de refor\u00e7o, a cobertura no estado est\u00e1 em 53%.<\/p>\n<p>Saiba mais sobre vacina\u00e7\u00e3o contra covid em Minas em<a href=\"https:\/\/coronavirus.saude.mg.gov.br\/vacinometro\" target=\"_blank\" rel=\"noopener\">\u00a0coronavirus.saude.mg.gov.br\/vacinometro<\/a>.<\/p>\n<p><strong>Espera por leitos UTI<\/strong><\/p>\n<p>Na coletiva, o secret\u00e1rio de Sa\u00fade tamb\u00e9m destacou que, de acordo com os dados do SUSF\u00e1cil, extra\u00eddos na manh\u00e3 desta sexta-feira (1\/4), nenhum paciente suspeito ou confirmado para covid-19 aguarda por interna\u00e7\u00e3o em leitos de UTI. \u201cEm mar\u00e7o de 2021, chegamos a ter mais de 800 pacientes aguardando por esse tipo de interna\u00e7\u00e3o e hoje esse n\u00famero \u00e9 de zero. Esse \u00e9 um dado muito concreto e positivo, que confirma nosso momento de melhora no estado. \u00c9 tamb\u00e9m a prova de que as pessoas est\u00e3o adoecendo menos pela doen\u00e7a e que a vacina\u00e7\u00e3o \u00e9 eficiente e segura\u201d, destaca Baccheretti.<\/p>\n<p>Fonte: Ag\u00eancia Minas<\/p>\n","protected":false},"excerpt":{"rendered":"<p>O uso de m\u00e1scaras de prote\u00e7\u00e3o \u00e0 covid-19 deve deixar de ser obrigat\u00f3rio em locais fechados em Minas Gerais a partir de 1\/5. Em coletiva realizada nesta sexta-feira (1\/4), em Belo Horizonte, o secret\u00e1rio de\u00a0Estado de Sa\u00fade de Minas Gerais, o m\u00e9dico F\u00e1bio Baccheretti, falou que a flexibiliza\u00e7\u00e3o do uso do equipamento valer\u00e1 se a [&hellip;]<\/p>\n","protected":false},"author":246,"featured_media":197065,"comment_status":"closed","ping_status":"closed","sticky":false,"template":"","format":"standard","meta":{"footnotes":""},"categories":[436,440,254,439],"tags":[],"class_list":["post-197064","post","type-post","status-publish","format-standard","has-post-thumbnail","hentry","category-destaque-da-semana","category-destaques-do-dia","category-politica","category-ultima-hora"],"_links":{"self":[{"href":"https:\/\/diarioregionaldigital.com.br\/index.php?rest_route=\/wp\/v2\/posts\/197064","targetHints":{"allow":["GET"]}}],"collection":[{"href":"https:\/\/diarioregionaldigital.com.br\/index.php?rest_route=\/wp\/v2\/posts"}],"about":[{"href":"https:\/\/diarioregionaldigital.com.br\/index.php?rest_route=\/wp\/v2\/types\/post"}],"author":[{"embeddable":true,"href":"https:\/\/diarioregionaldigital.com.br\/index.php?rest_route=\/wp\/v2\/users\/246"}],"replies":[{"embeddable":true,"href":"https:\/\/diarioregionaldigital.com.br\/index.php?rest_route=%2Fwp%2Fv2%2Fcomments&post=197064"}],"version-history":[{"count":1,"href":"https:\/\/diarioregionaldigital.com.br\/index.php?rest_route=\/wp\/v2\/posts\/197064\/revisions"}],"predecessor-version":[{"id":197066,"href":"https:\/\/diarioregionaldigital.com.br\/index.php?rest_route=\/wp\/v2\/posts\/197064\/revisions\/197066"}],"wp:featuredmedia":[{"embeddable":true,"href":"https:\/\/diarioregionaldigital.com.br\/index.php?rest_route=\/wp\/v2\/media\/197065"}],"wp:attachment":[{"href":"https:\/\/diarioregionaldigital.com.br\/index.php?rest_route=%2Fwp%2Fv2%2Fmedia&parent=197064"}],"wp:term":[{"taxonomy":"category","embeddable":true,"href":"https:\/\/diarioregionaldigital.com.br\/index.php?rest_route=%2Fwp%2Fv2%2Fcategories&post=197064"},{"taxonomy":"post_tag","embeddable":true,"href":"https:\/\/diarioregionaldigital.com.br\/index.php?rest_route=%2Fwp%2Fv2%2Ftags&post=197064"}],"curies":[{"name":"wp","href":"https:\/\/api.w.org\/{rel}","templated":true}]}}