{"id":197060,"date":"2022-04-01T17:32:26","date_gmt":"2022-04-01T20:32:26","guid":{"rendered":"https:\/\/diarioregionaldigital.com.br\/?p=197060"},"modified":"2022-04-01T17:32:26","modified_gmt":"2022-04-01T20:32:26","slug":"confianca-dos-empresarios-cresce-07-ponto-em-marco","status":"publish","type":"post","link":"https:\/\/diarioregionaldigital.com.br\/?p=197060","title":{"rendered":"Confian\u00e7a dos empres\u00e1rios cresce 0,7 ponto em mar\u00e7o"},"content":{"rendered":"<p>O\u00a0\u00cdndice de Confian\u00e7a Empresarial (ICE), calculado pela Funda\u00e7\u00e3o Getulio Vargas (FGV), avan\u00e7ou 0,7 ponto\u00a0de fevereiro\u00a0para mar\u00e7o deste ano e atingiu 91,8 pontos, em uma escala de 0 a 200 pontos. Essa foi a primeira alta do indicador, desde novembro do ano passado.<img decoding=\"async\" src=\"https:\/\/agenciabrasil.ebc.com.br\/ebc.png?id=1451728&amp;o=node\" \/><img decoding=\"async\" src=\"https:\/\/agenciabrasil.ebc.com.br\/ebc.gif?id=1451728&amp;o=node\" \/><\/p>\n<p>O ICE consolida os \u00edndices de confian\u00e7a de empres\u00e1rios brasileiros dos quatro setores econ\u00f4micos analisados pela FGV: ind\u00fastria, constru\u00e7\u00e3o, com\u00e9rcio e servi\u00e7o.<\/p>\n<p>A alta foi puxada pelo \u00cdndice de Situa\u00e7\u00e3o Atual Empresarial, que mede a confian\u00e7a no presente. Esse \u00edndice subiu 4 pontos, chegando a 92,1 pontos.<\/p>\n<p>Por outro lado, o \u00cdndice de Expectativas, que mede a percep\u00e7\u00e3o dos empres\u00e1rios sobre o futuro, recuou 0,9 ponto e atingiu 92,4 pontos.<\/p>\n<p>Dos quatro setores, apenas servi\u00e7os avan\u00e7ou em mar\u00e7o, ao subir 3 pontos e chegar a 92,2 pontos. A ind\u00fastria teve a maior queda (-1,7 ponto), mas continua sendo o setor com maior confian\u00e7a (95 pontos).<\/p>\n<p>Os outros setores com queda na confian\u00e7a foram com\u00e9rcio, que recuou 0,2 ponto e continuou na pior posi\u00e7\u00e3o com 86,8 pontos, e constru\u00e7\u00e3o, que cedeu 0,8 ponto e chegou a 92,9 pontos.<\/p>\n<p>Segundo o pesquisador da FGV Aloisio Campelo Jr., boa parte da alta da confian\u00e7a no m\u00eas \u00e9 explicada pela melhora dos n\u00fameros da pandemia de covid-19 e seus efeitos nas vendas do com\u00e9rcio e servi\u00e7os.<\/p>\n<p>Ele ressalta, no entanto, que a queda das expectativas lan\u00e7a d\u00favidas sobre a continuidade da recupera\u00e7\u00e3o nos pr\u00f3ximos meses diante de um cen\u00e1rio de incerteza com rela\u00e7\u00e3o ao impacto da invas\u00e3o russa \u00e0 Ucr\u00e2nia na economia mundial e ao efeito esperado das altas de juros sobre a demanda interna.<\/p>\n<p>Fonte: Ag\u00eancia Brasil<\/p>\n","protected":false},"excerpt":{"rendered":"<p>O\u00a0\u00cdndice de Confian\u00e7a Empresarial (ICE), calculado pela Funda\u00e7\u00e3o Getulio Vargas (FGV), avan\u00e7ou 0,7 ponto\u00a0de fevereiro\u00a0para mar\u00e7o deste ano e atingiu 91,8 pontos, em uma escala de 0 a 200 pontos. Essa foi a primeira alta do indicador, desde novembro do ano passado. O ICE consolida os \u00edndices de confian\u00e7a de empres\u00e1rios brasileiros dos quatro setores [&hellip;]<\/p>\n","protected":false},"author":246,"featured_media":197062,"comment_status":"closed","ping_status":"closed","sticky":false,"template":"","format":"standard","meta":{"footnotes":""},"categories":[436,261,439],"tags":[],"class_list":["post-197060","post","type-post","status-publish","format-standard","has-post-thumbnail","hentry","category-destaque-da-semana","category-economia","category-ultima-hora"],"_links":{"self":[{"href":"https:\/\/diarioregionaldigital.com.br\/index.php?rest_route=\/wp\/v2\/posts\/197060","targetHints":{"allow":["GET"]}}],"collection":[{"href":"https:\/\/diarioregionaldigital.com.br\/index.php?rest_route=\/wp\/v2\/posts"}],"about":[{"href":"https:\/\/diarioregionaldigital.com.br\/index.php?rest_route=\/wp\/v2\/types\/post"}],"author":[{"embeddable":true,"href":"https:\/\/diarioregionaldigital.com.br\/index.php?rest_route=\/wp\/v2\/users\/246"}],"replies":[{"embeddable":true,"href":"https:\/\/diarioregionaldigital.com.br\/index.php?rest_route=%2Fwp%2Fv2%2Fcomments&post=197060"}],"version-history":[{"count":1,"href":"https:\/\/diarioregionaldigital.com.br\/index.php?rest_route=\/wp\/v2\/posts\/197060\/revisions"}],"predecessor-version":[{"id":197063,"href":"https:\/\/diarioregionaldigital.com.br\/index.php?rest_route=\/wp\/v2\/posts\/197060\/revisions\/197063"}],"wp:featuredmedia":[{"embeddable":true,"href":"https:\/\/diarioregionaldigital.com.br\/index.php?rest_route=\/wp\/v2\/media\/197062"}],"wp:attachment":[{"href":"https:\/\/diarioregionaldigital.com.br\/index.php?rest_route=%2Fwp%2Fv2%2Fmedia&parent=197060"}],"wp:term":[{"taxonomy":"category","embeddable":true,"href":"https:\/\/diarioregionaldigital.com.br\/index.php?rest_route=%2Fwp%2Fv2%2Fcategories&post=197060"},{"taxonomy":"post_tag","embeddable":true,"href":"https:\/\/diarioregionaldigital.com.br\/index.php?rest_route=%2Fwp%2Fv2%2Ftags&post=197060"}],"curies":[{"name":"wp","href":"https:\/\/api.w.org\/{rel}","templated":true}]}}