{"id":197054,"date":"2022-04-01T17:26:26","date_gmt":"2022-04-01T20:26:26","guid":{"rendered":"https:\/\/diarioregionaldigital.com.br\/?p=197054"},"modified":"2022-04-01T17:26:26","modified_gmt":"2022-04-01T20:26:26","slug":"balanca-comercial-tem-maior-superavit-para-meses-de-marco","status":"publish","type":"post","link":"https:\/\/diarioregionaldigital.com.br\/?p=197054","title":{"rendered":"Balan\u00e7a comercial tem maior super\u00e1vit para meses de mar\u00e7o"},"content":{"rendered":"<p>Embalada pela valoriza\u00e7\u00e3o das\u00a0<em>commodities<\/em>\u00a0(bens prim\u00e1rios com cota\u00e7\u00e3o internacional), a balan\u00e7a comercial registra\u00a0o melhor resultado positivo para meses\u00a0de mar\u00e7o desde o in\u00edcio da s\u00e9rie hist\u00f3rica, em 1989. No m\u00eas passado, o pa\u00eds exportou US$ 7,383 bilh\u00f5es a mais do que importou. Segundo o Minist\u00e9rio da Economia, isso representa alta de 19,3% em rela\u00e7\u00e3o ao registrado em mar\u00e7o do ano passado.<img decoding=\"async\" src=\"https:\/\/agenciabrasil.ebc.com.br\/ebc.png?id=1451845&amp;o=node\" \/><img decoding=\"async\" src=\"https:\/\/agenciabrasil.ebc.com.br\/ebc.gif?id=1451845&amp;o=node\" \/><\/p>\n<p>No primeiro trimestre, a balan\u00e7a comercial acumula super\u00e1vit de US$ 11,313 bilh\u00f5es. Isso representa 37,6% a mais que o registrado\u00a0de janeiro\u00a0e mar\u00e7o do ano passado (US$ 8,087 bilh\u00f5es). O saldo \u00e9 o segundo melhor da hist\u00f3ria para o per\u00edodo, perdendo apenas para 2017, quando o super\u00e1vit tinha ficado em US$ 13,016 bilh\u00f5es nesse intervalo.<\/p>\n<p>No m\u00eas passado, o Brasil vendeu US$ 29,095 bilh\u00f5es para o exterior e comprou US$ 21,711 bilh\u00f5es. Tanto as importa\u00e7\u00f5es como as exporta\u00e7\u00f5es bateram recorde em mar\u00e7o, desde o in\u00edcio da s\u00e9rie hist\u00f3rica, em 1989. As exporta\u00e7\u00f5es subiram 25% em rela\u00e7\u00e3o a mar\u00e7o do ano passado, pelo crit\u00e9rio da m\u00e9dia di\u00e1ria. As importa\u00e7\u00f5es aumentaram 27,1% na mesma compara\u00e7\u00e3o.<\/p>\n<p>Um dos principais respons\u00e1veis pela recupera\u00e7\u00e3o do saldo comercial foi a valoriza\u00e7\u00e3o das commodities (bens prim\u00e1rios com cota\u00e7\u00e3o internacional), que subiram em mar\u00e7o em meio ao acirramento das tens\u00f5es entre R\u00fassia e Ucr\u00e2nia. A estabilidade de algumas safras, principalmente a de soja, tamb\u00e9m contribuiu para o resultado.<\/p>\n<p>No m\u00eas passado, o volume de mercadorias exportadas subiu apenas 1,8%, enquanto os pre\u00e7os aumentaram 17,2% em m\u00e9dia na compara\u00e7\u00e3o com o mesmo m\u00eas do ano passado. Nas importa\u00e7\u00f5es, a quantidade comprada caiu 7,1%, mas os pre\u00e7os m\u00e9dios subiram 29,5%.<\/p>\n<h2>Setores<\/h2>\n<p>Ao comparar o setor agropecu\u00e1rio, o aumento nos pre\u00e7os internacionais pesou mais nas exporta\u00e7\u00f5es. O volume de mercadorias embarcadas caiu 4,5% em mar\u00e7o na compara\u00e7\u00e3o com o mesmo m\u00eas de 2021, enquanto o pre\u00e7o m\u00e9dio subiu 33,4%. Na ind\u00fastria de transforma\u00e7\u00e3o, a quantidade subiu 7,2%, com o pre\u00e7o m\u00e9dio aumentando 19,3%. Na ind\u00fastria extrativa, que engloba a exporta\u00e7\u00e3o de min\u00e9rios e de petr\u00f3leo, a quantidade exportada caiu 7,1%, enquanto os pre\u00e7os m\u00e9dios ficaram est\u00e1veis, com leve alta de 0,6%.<\/p>\n<p>Os produtos com maior destaque nas exporta\u00e7\u00f5es agropecu\u00e1rias foram trigo e centeio n\u00e3o mo\u00eddos (+1.995,5%), caf\u00e9 n\u00e3o torrado (+60,7%) e soja (+35%) na agropecu\u00e1ria. O\u00a0crescimento deve-se principalmente aos pre\u00e7os. O destaque negativo foi o milho, cujas exporta\u00e7\u00f5es ca\u00edram 91,3% de mar\u00e7o do ano passado a mar\u00e7o deste ano por causa da antecipa\u00e7\u00e3o de embarques no in\u00edcio do ano.<\/p>\n<p>Na ind\u00fastria extrativa, os maiores crescimentos foram registrados em min\u00e9rios de n\u00edquel e seus concentrados (+102,9%) e \u00f3leos brutos de petr\u00f3leo (+21,5%). Na ind\u00fastria de transforma\u00e7\u00e3o, os maiores crescimentos ocorreram carne bovina (+69,3%), farelos de soja e outros alimentos para animais (+49%) e combust\u00edveis (+172,2%).<\/p>\n<p>Em rela\u00e7\u00e3o \u00e0s importa\u00e7\u00f5es, os maiores crescimentos foram registrados nos seguintes produtos: pescados (+114,3%), frutas e nozes n\u00e3o-oleaginosas(+50%) e soja (+81,9%), na agropecu\u00e1ria; carv\u00e3o n\u00e3o aglomerado (+113,7%), \u00f3leos brutos de petr\u00f3leo (+221,1%) e g\u00e1s natural (+39,8%), na ind\u00fastria extrativa; e combust\u00edveis (+82,7%) e adubos ou fertilizantes qu\u00edmicos (+132,6%), na ind\u00fastria de transforma\u00e7\u00e3o.<\/p>\n<p>Em rela\u00e7\u00e3o aos fertilizantes, a alta deve-se principalmente ao aumento de 132,7% nos pre\u00e7os. A quantidade importada caiu 3,2% em mar\u00e7o na compara\u00e7\u00e3o com mar\u00e7o do ano passado.<\/p>\n<h2>Estimativa<\/h2>\n<p>A valoriza\u00e7\u00e3o das\u00a0<em>commodities<\/em>\u00a0fez o governo revisar para cima a proje\u00e7\u00e3o de super\u00e1vit comercial. Para 2022, o governo prev\u00ea saldo positivo de US$ 111,6 bilh\u00f5es, contra\u00a0<a href=\"https:\/\/agenciabrasil.ebc.com.br\/economia\/noticia\/2022-01\/ministerio-projeta-superavit-comercial-de-us-794-bi-em-2022\" target=\"_blank\" rel=\"noopener\">proje\u00e7\u00e3o anterior<\/a>\u00a0de US$ 79,4 bilh\u00f5es . As estimativas s\u00e3o atualizadas a cada tr\u00eas meses.<\/p>\n<p>As previs\u00f5es est\u00e3o muito mais otimistas que as do mercado financeiro. O boletim Focus, pesquisa com analistas de mercado divulgada toda semana pelo Banco Central, projeta super\u00e1vit de US$ 65 bilh\u00f5es neste ano.<\/p>\n<p>Fonte: Ag\u00eancia Brasil<\/p>\n","protected":false},"excerpt":{"rendered":"<p>Embalada pela valoriza\u00e7\u00e3o das\u00a0commodities\u00a0(bens prim\u00e1rios com cota\u00e7\u00e3o internacional), a balan\u00e7a comercial registra\u00a0o melhor resultado positivo para meses\u00a0de mar\u00e7o desde o in\u00edcio da s\u00e9rie hist\u00f3rica, em 1989. No m\u00eas passado, o pa\u00eds exportou US$ 7,383 bilh\u00f5es a mais do que importou. Segundo o Minist\u00e9rio da Economia, isso representa alta de 19,3% em rela\u00e7\u00e3o ao registrado em [&hellip;]<\/p>\n","protected":false},"author":246,"featured_media":197055,"comment_status":"closed","ping_status":"closed","sticky":false,"template":"","format":"standard","meta":{"footnotes":""},"categories":[436,261,439],"tags":[],"class_list":["post-197054","post","type-post","status-publish","format-standard","has-post-thumbnail","hentry","category-destaque-da-semana","category-economia","category-ultima-hora"],"_links":{"self":[{"href":"https:\/\/diarioregionaldigital.com.br\/index.php?rest_route=\/wp\/v2\/posts\/197054","targetHints":{"allow":["GET"]}}],"collection":[{"href":"https:\/\/diarioregionaldigital.com.br\/index.php?rest_route=\/wp\/v2\/posts"}],"about":[{"href":"https:\/\/diarioregionaldigital.com.br\/index.php?rest_route=\/wp\/v2\/types\/post"}],"author":[{"embeddable":true,"href":"https:\/\/diarioregionaldigital.com.br\/index.php?rest_route=\/wp\/v2\/users\/246"}],"replies":[{"embeddable":true,"href":"https:\/\/diarioregionaldigital.com.br\/index.php?rest_route=%2Fwp%2Fv2%2Fcomments&post=197054"}],"version-history":[{"count":1,"href":"https:\/\/diarioregionaldigital.com.br\/index.php?rest_route=\/wp\/v2\/posts\/197054\/revisions"}],"predecessor-version":[{"id":197056,"href":"https:\/\/diarioregionaldigital.com.br\/index.php?rest_route=\/wp\/v2\/posts\/197054\/revisions\/197056"}],"wp:featuredmedia":[{"embeddable":true,"href":"https:\/\/diarioregionaldigital.com.br\/index.php?rest_route=\/wp\/v2\/media\/197055"}],"wp:attachment":[{"href":"https:\/\/diarioregionaldigital.com.br\/index.php?rest_route=%2Fwp%2Fv2%2Fmedia&parent=197054"}],"wp:term":[{"taxonomy":"category","embeddable":true,"href":"https:\/\/diarioregionaldigital.com.br\/index.php?rest_route=%2Fwp%2Fv2%2Fcategories&post=197054"},{"taxonomy":"post_tag","embeddable":true,"href":"https:\/\/diarioregionaldigital.com.br\/index.php?rest_route=%2Fwp%2Fv2%2Ftags&post=197054"}],"curies":[{"name":"wp","href":"https:\/\/api.w.org\/{rel}","templated":true}]}}