{"id":197051,"date":"2022-04-01T17:22:04","date_gmt":"2022-04-01T20:22:04","guid":{"rendered":"https:\/\/diarioregionaldigital.com.br\/?p=197051"},"modified":"2022-04-01T17:22:04","modified_gmt":"2022-04-01T20:22:04","slug":"producao-industrial-cresce-07-de-janeiro-para-fevereiro","status":"publish","type":"post","link":"https:\/\/diarioregionaldigital.com.br\/?p=197051","title":{"rendered":"Produ\u00e7\u00e3o industrial cresce 0,7% de janeiro para fevereiro"},"content":{"rendered":"<p>A produ\u00e7\u00e3o industrial brasileira cresceu 0,7% na passagem de janeiro para fevereiro deste ano. A alta eliminou apenas parte da perda de 2,2% ocorrida na passagem de dezembro para janeiro. O dado, da Pesquisa Industrial Mensal, foi divulgado\u00a0hoje\u00a0(1\u00ba) pelo\u00a0Instituto Brasileiro de Geografia e Estat\u00edstica (IBGE).<img decoding=\"async\" src=\"https:\/\/agenciabrasil.ebc.com.br\/ebc.png?id=1451729&amp;o=node\" \/><img decoding=\"async\" src=\"https:\/\/agenciabrasil.ebc.com.br\/ebc.gif?id=1451729&amp;o=node\" \/><\/p>\n<p>De acordo com a pesquisa, a ind\u00fastria tamb\u00e9m acumula altas de 0,4% no trimestre e de 2,8% em 12 meses. Na compara\u00e7\u00e3o com fevereiro do ano passado, no entanto, houve queda de 4,3%. O acumulado do ano tamb\u00e9m tem perda de 5,8%.<\/p>\n<p>A alta\u00a0de janeiro\u00a0para fevereiro atingiu 16 dos 26 ramos pesquisados pelo IBGE, com destaque para ind\u00fastrias extrativas (5,3%) e produtos aliment\u00edcios (2,4%).<\/p>\n<p>\u201cO setor extrativo teve queda importante em janeiro, por causa\u00a0do maior volume de chuvas em Minas Gerais\u00a0naquele m\u00eas, o que prejudicou a extra\u00e7\u00e3o do min\u00e9rio de ferro. Com a normaliza\u00e7\u00e3o das chuvas, houve regulariza\u00e7\u00e3o da produ\u00e7\u00e3o. J\u00e1 o setor alimentos teve seu quarto m\u00eas positivo de crescimento, acumulando no per\u00edodo ganho de 14%. Em fevereiro, os destaques foram a produ\u00e7\u00e3o de a\u00e7\u00facar e de carnes e aves, dois grupamentos importantes dentro do setor de alimentos\u201d, disse o pesquisador do IBGE Andr\u00e9 Macedo.<\/p>\n<p>Tamb\u00e9m tiveram altas importantes os produtos farmoqu\u00edmicos e farmac\u00eauticos (12,7%), os ve\u00edculos automotores, reboques e carrocerias (3,2%), a metalurgia (3,3%) e as bebidas (4,1%).<\/p>\n<p>Por outro lado, dez atividades tiveram perdas\u00a0de janeiro\u00a0para fevereiro, entre elas coque, produtos derivados do petr\u00f3leo e biocombust\u00edveis (-1,8%) e celulose, papel e produtos de papel (-3,4%), que causaram\u00a0os principais impactos em fevereiro.<\/p>\n<p>As quatro grandes categorias econ\u00f4micas da ind\u00fastria tiveram crescimento no per\u00edodo, com destaque para bens de capital, isto \u00e9, as m\u00e1quinas e equipamentos usados no setor produtivo (1,9%).<\/p>\n<p>Os bens intermedi\u00e1rios, isto \u00e9, os insumos industrializados usados no setor produtivo, tiveram alta de 1,6%. Entre os bens de consumo, houve crescimento de 1,5% nos semi e n\u00e3o dur\u00e1veis e 0,5% nos dur\u00e1veis.<\/p>\n<p>Fonte: Ag\u00eancia Brasil<\/p>\n","protected":false},"excerpt":{"rendered":"<p>A produ\u00e7\u00e3o industrial brasileira cresceu 0,7% na passagem de janeiro para fevereiro deste ano. A alta eliminou apenas parte da perda de 2,2% ocorrida na passagem de dezembro para janeiro. O dado, da Pesquisa Industrial Mensal, foi divulgado\u00a0hoje\u00a0(1\u00ba) pelo\u00a0Instituto Brasileiro de Geografia e Estat\u00edstica (IBGE). De acordo com a pesquisa, a ind\u00fastria tamb\u00e9m acumula altas [&hellip;]<\/p>\n","protected":false},"author":246,"featured_media":197052,"comment_status":"closed","ping_status":"closed","sticky":false,"template":"","format":"standard","meta":{"footnotes":""},"categories":[436,440,261,439],"tags":[],"class_list":["post-197051","post","type-post","status-publish","format-standard","has-post-thumbnail","hentry","category-destaque-da-semana","category-destaques-do-dia","category-economia","category-ultima-hora"],"_links":{"self":[{"href":"https:\/\/diarioregionaldigital.com.br\/index.php?rest_route=\/wp\/v2\/posts\/197051","targetHints":{"allow":["GET"]}}],"collection":[{"href":"https:\/\/diarioregionaldigital.com.br\/index.php?rest_route=\/wp\/v2\/posts"}],"about":[{"href":"https:\/\/diarioregionaldigital.com.br\/index.php?rest_route=\/wp\/v2\/types\/post"}],"author":[{"embeddable":true,"href":"https:\/\/diarioregionaldigital.com.br\/index.php?rest_route=\/wp\/v2\/users\/246"}],"replies":[{"embeddable":true,"href":"https:\/\/diarioregionaldigital.com.br\/index.php?rest_route=%2Fwp%2Fv2%2Fcomments&post=197051"}],"version-history":[{"count":1,"href":"https:\/\/diarioregionaldigital.com.br\/index.php?rest_route=\/wp\/v2\/posts\/197051\/revisions"}],"predecessor-version":[{"id":197053,"href":"https:\/\/diarioregionaldigital.com.br\/index.php?rest_route=\/wp\/v2\/posts\/197051\/revisions\/197053"}],"wp:featuredmedia":[{"embeddable":true,"href":"https:\/\/diarioregionaldigital.com.br\/index.php?rest_route=\/wp\/v2\/media\/197052"}],"wp:attachment":[{"href":"https:\/\/diarioregionaldigital.com.br\/index.php?rest_route=%2Fwp%2Fv2%2Fmedia&parent=197051"}],"wp:term":[{"taxonomy":"category","embeddable":true,"href":"https:\/\/diarioregionaldigital.com.br\/index.php?rest_route=%2Fwp%2Fv2%2Fcategories&post=197051"},{"taxonomy":"post_tag","embeddable":true,"href":"https:\/\/diarioregionaldigital.com.br\/index.php?rest_route=%2Fwp%2Fv2%2Ftags&post=197051"}],"curies":[{"name":"wp","href":"https:\/\/api.w.org\/{rel}","templated":true}]}}