{"id":197041,"date":"2022-04-01T01:49:18","date_gmt":"2022-04-01T04:49:18","guid":{"rendered":"https:\/\/diarioregionaldigital.com.br\/?p=197041"},"modified":"2022-04-01T01:49:18","modified_gmt":"2022-04-01T04:49:18","slug":"coopsa-cooperativa-de-servico-de-saude-01-04-2022","status":"publish","type":"post","link":"https:\/\/diarioregionaldigital.com.br\/?p=197041","title":{"rendered":"Coopsa &#8211; Cooperativa de Servi\u00e7o de Sa\u00fade &#8211; 01\/04\/2022"},"content":{"rendered":"<p><strong>COOPSA \u2013 COOPERATIVA DE SERVI\u00c7OS DE SA\u00daDE. <\/strong>CNPJ: 02.212.088\/0001-30. <strong>CONVOCA\u00c7\u00c3O PARA ASSEMBLEIA GERAL ORDIN\u00c1RIA DE N.\u00ba 50<\/strong>. Ficam os cooperados convocados para a Assembleia Geral Ordin\u00e1ria da COOPSA, a realizar-se no <strong>dia 11 de abril de 2022, segunda-feira, <\/strong>com primeira convoca\u00e7\u00e3o para as 17h00, segunda para as 18h00 e terceira para as 19h00, na Galeria Ali Halfeld, n.\u00ba 40, Centro, Juiz de Fora\/MG, tendo como pauta: \u00a0<strong>Presta\u00e7\u00e3o de Contas do Exerc\u00edcio de 2021; Elei\u00e7\u00e3o do Conselho Fiscal; Assuntos Diversos.<\/strong> Para fins de qu\u00f3rum de abertura de trabalhos, \u00e9 necess\u00e1rio 2\/3 (dois ter\u00e7os) dos cooperados em condi\u00e7\u00f5es de votar, em primeira convoca\u00e7\u00e3o; metade mais um em segunda e no m\u00ednimo 10 (dez) cooperados em terceira e \u00faltima convoca\u00e7\u00e3o. Total de cooperados: 75. Juiz de Fora, 31 de mar\u00e7o de 2022. Jos\u00e9 Eduardo Amorim. Diretor-Presidente<strong>.<\/strong><\/p>\n","protected":false},"excerpt":{"rendered":"<p>COOPSA \u2013 COOPERATIVA DE SERVI\u00c7OS DE SA\u00daDE. CNPJ: 02.212.088\/0001-30. CONVOCA\u00c7\u00c3O PARA ASSEMBLEIA GERAL ORDIN\u00c1RIA DE N.\u00ba 50. Ficam os cooperados convocados para a Assembleia Geral Ordin\u00e1ria da COOPSA, a realizar-se no dia 11 de abril de 2022, segunda-feira, com primeira convoca\u00e7\u00e3o para as 17h00, segunda para as 18h00 e terceira para as 19h00, na Galeria [&hellip;]<\/p>\n","protected":false},"author":96,"featured_media":0,"comment_status":"closed","ping_status":"closed","sticky":false,"template":"","format":"standard","meta":{"footnotes":""},"categories":[307],"tags":[],"class_list":["post-197041","post","type-post","status-publish","format-standard","hentry","category-editais"],"_links":{"self":[{"href":"https:\/\/diarioregionaldigital.com.br\/index.php?rest_route=\/wp\/v2\/posts\/197041","targetHints":{"allow":["GET"]}}],"collection":[{"href":"https:\/\/diarioregionaldigital.com.br\/index.php?rest_route=\/wp\/v2\/posts"}],"about":[{"href":"https:\/\/diarioregionaldigital.com.br\/index.php?rest_route=\/wp\/v2\/types\/post"}],"author":[{"embeddable":true,"href":"https:\/\/diarioregionaldigital.com.br\/index.php?rest_route=\/wp\/v2\/users\/96"}],"replies":[{"embeddable":true,"href":"https:\/\/diarioregionaldigital.com.br\/index.php?rest_route=%2Fwp%2Fv2%2Fcomments&post=197041"}],"version-history":[{"count":1,"href":"https:\/\/diarioregionaldigital.com.br\/index.php?rest_route=\/wp\/v2\/posts\/197041\/revisions"}],"predecessor-version":[{"id":197042,"href":"https:\/\/diarioregionaldigital.com.br\/index.php?rest_route=\/wp\/v2\/posts\/197041\/revisions\/197042"}],"wp:attachment":[{"href":"https:\/\/diarioregionaldigital.com.br\/index.php?rest_route=%2Fwp%2Fv2%2Fmedia&parent=197041"}],"wp:term":[{"taxonomy":"category","embeddable":true,"href":"https:\/\/diarioregionaldigital.com.br\/index.php?rest_route=%2Fwp%2Fv2%2Fcategories&post=197041"},{"taxonomy":"post_tag","embeddable":true,"href":"https:\/\/diarioregionaldigital.com.br\/index.php?rest_route=%2Fwp%2Fv2%2Ftags&post=197041"}],"curies":[{"name":"wp","href":"https:\/\/api.w.org\/{rel}","templated":true}]}}