{"id":197035,"date":"2022-03-31T20:36:36","date_gmt":"2022-03-31T23:36:36","guid":{"rendered":"https:\/\/diarioregionaldigital.com.br\/?p=197035"},"modified":"2022-03-31T20:36:36","modified_gmt":"2022-03-31T23:36:36","slug":"operacao-tapa-buracos-avanca-em-juiz-de-fora-e-atende-sete-bairros","status":"publish","type":"post","link":"https:\/\/diarioregionaldigital.com.br\/?p=197035","title":{"rendered":"Opera\u00e7\u00e3o tapa-buracos avan\u00e7a em Juiz de Fora e atende sete bairros"},"content":{"rendered":"<p>Segundo informa\u00e7\u00f5es do site da Prefeitura de Juiz de Fora, a opera\u00e7\u00e3o tapa-buracos do Programa Boniteza segue com os trabalhos intensos pelas ruas de Juiz de Fora. Equipes da Empresa Municipal de Urbaniza\u00e7\u00e3o e Pavimenta\u00e7\u00e3o (Empav) realizaram, nesta quinta-feira, 31, a recomposi\u00e7\u00e3o asf\u00e1ltica de diversas vias da cidade, em sete bairros da cidade.<br \/>\nConfira os locais com opera\u00e7\u00e3o tapa-buracos em andamento nesta quinta-feira, 31:<\/p>\n<p>&nbsp;<\/p>\n<p>Avenida Juiz de Fora, entre os bairro Bandeirantes e Grama<\/p>\n<p>Bairro Industrial<\/p>\n<p>Bom Jardim<\/p>\n<p>S\u00e3o Benedito<\/p>\n<p>Monte Castelo<\/p>\n<p>Aeroporto<\/p>\n<p>Santa Luzia<\/p>\n<p>&nbsp;<\/p>\n<p>Al\u00e9m da opera\u00e7\u00e3o tapa-buracos, equipes de pavimenta\u00e7\u00e3o seguem com os trabalhos na rua Sr. Am\u00e9rico Mozzato. A previs\u00e3o \u00e9 que os trabalhos por l\u00e1 sejam finalizados at\u00e9 a pr\u00f3xima semana.<\/p>\n<p>A programa\u00e7\u00e3o di\u00e1ria de todas as atividades realizadas pela Empav pode ser acompanhada atrav\u00e9s da p\u00e1gina do Gabinete de A\u00e7\u00e3o e Di\u00e1logo Comunit\u00e1rio, pelo<a href=\"https:\/\/www.pjf.mg.gov.br\/gabinetecomunitario\/#onde\">\u00a0link<\/a>.<\/p>\n<p>Todas as a\u00e7\u00f5es de reestrutura\u00e7\u00e3o, urbaniza\u00e7\u00e3o e zeladoria realizadas pela Empav fazem parte do Programa Boniteza. Voc\u00ea pode solicitar estes e outros servi\u00e7os atrav\u00e9s do Gabinete de A\u00e7\u00e3o e Di\u00e1logo Comunit\u00e1rio, que recebe e organiza pedidos relativos a interven\u00e7\u00f5es e melhorias urbanas. O contato pode ser feito por liga\u00e7\u00e3o telef\u00f4nica, pelo n\u00famero\u00a0(32) 3690-7241\u00a0ou, ainda, via WhatsApp, utilizando o mesmo n\u00famero.<\/p>\n","protected":false},"excerpt":{"rendered":"<p>Segundo informa\u00e7\u00f5es do site da Prefeitura de Juiz de Fora, a opera\u00e7\u00e3o tapa-buracos do Programa Boniteza segue com os trabalhos intensos pelas ruas de Juiz de Fora. Equipes da Empresa Municipal de Urbaniza\u00e7\u00e3o e Pavimenta\u00e7\u00e3o (Empav) realizaram, nesta quinta-feira, 31, a recomposi\u00e7\u00e3o asf\u00e1ltica de diversas vias da cidade, em sete bairros da cidade. Confira os [&hellip;]<\/p>\n","protected":false},"author":246,"featured_media":197036,"comment_status":"closed","ping_status":"closed","sticky":false,"template":"","format":"standard","meta":{"footnotes":""},"categories":[253,436,439],"tags":[],"class_list":["post-197035","post","type-post","status-publish","format-standard","has-post-thumbnail","hentry","category-cidade","category-destaque-da-semana","category-ultima-hora"],"_links":{"self":[{"href":"https:\/\/diarioregionaldigital.com.br\/index.php?rest_route=\/wp\/v2\/posts\/197035","targetHints":{"allow":["GET"]}}],"collection":[{"href":"https:\/\/diarioregionaldigital.com.br\/index.php?rest_route=\/wp\/v2\/posts"}],"about":[{"href":"https:\/\/diarioregionaldigital.com.br\/index.php?rest_route=\/wp\/v2\/types\/post"}],"author":[{"embeddable":true,"href":"https:\/\/diarioregionaldigital.com.br\/index.php?rest_route=\/wp\/v2\/users\/246"}],"replies":[{"embeddable":true,"href":"https:\/\/diarioregionaldigital.com.br\/index.php?rest_route=%2Fwp%2Fv2%2Fcomments&post=197035"}],"version-history":[{"count":1,"href":"https:\/\/diarioregionaldigital.com.br\/index.php?rest_route=\/wp\/v2\/posts\/197035\/revisions"}],"predecessor-version":[{"id":197037,"href":"https:\/\/diarioregionaldigital.com.br\/index.php?rest_route=\/wp\/v2\/posts\/197035\/revisions\/197037"}],"wp:featuredmedia":[{"embeddable":true,"href":"https:\/\/diarioregionaldigital.com.br\/index.php?rest_route=\/wp\/v2\/media\/197036"}],"wp:attachment":[{"href":"https:\/\/diarioregionaldigital.com.br\/index.php?rest_route=%2Fwp%2Fv2%2Fmedia&parent=197035"}],"wp:term":[{"taxonomy":"category","embeddable":true,"href":"https:\/\/diarioregionaldigital.com.br\/index.php?rest_route=%2Fwp%2Fv2%2Fcategories&post=197035"},{"taxonomy":"post_tag","embeddable":true,"href":"https:\/\/diarioregionaldigital.com.br\/index.php?rest_route=%2Fwp%2Fv2%2Ftags&post=197035"}],"curies":[{"name":"wp","href":"https:\/\/api.w.org\/{rel}","templated":true}]}}