{"id":197032,"date":"2022-03-31T20:34:55","date_gmt":"2022-03-31T23:34:55","guid":{"rendered":"https:\/\/diarioregionaldigital.com.br\/?p=197032"},"modified":"2022-03-31T20:34:55","modified_gmt":"2022-03-31T23:34:55","slug":"pjf-conclui-mes-da-mulher-com-homenagem-a-eny-raymundo-moreira-e-exposicao-fotografica","status":"publish","type":"post","link":"https:\/\/diarioregionaldigital.com.br\/?p=197032","title":{"rendered":"PJF conclui m\u00eas da mulher com homenagem \u00e0 Eny Raymundo Moreira e exposi\u00e7\u00e3o fotogr\u00e1fica"},"content":{"rendered":"<p>Segundo informa\u00e7\u00f5es do site da Prefeitura de Juiz de Fora, na manh\u00e3 desta quinta-feira, 31, a Prefeitura de Juiz de Fora (PJF) homenageou a advogada militante dos Direitos Humanos, Eny Raymundo Moreira. Falecida em janeiro deste ano, a juiz-forana atuou na defesa legal de diversos presos pol\u00edticos durante o per\u00edodo da ditadura militar. O evento foi realizado nos jardins do pr\u00e9dio-sede da PJF, onde foi instalada uma placa e plantada uma muda de ip\u00ea rosa para celebrar o legado da militante.<br \/>\nA a\u00e7\u00e3o integrou a campanha \u201cMar\u00e7o, Mais Mulher, Mais Democracia\u201d. Coordenada pela Secretaria Especial de Direitos Humanos (SEDH), a iniciativa faz parte das comemora\u00e7\u00f5es do Dia Internacional da Mulher, celebrado em 8 de mar\u00e7o, com atividades tem\u00e1ticas di\u00e1rias que seguiram ao longo deste m\u00eas.\u00a0Outras informa\u00e7\u00f5es no\u00a0<a href=\"https:\/\/www.pjf.mg.gov.br\/mais-mulher\/#mais-democracia\"><strong>hotsite<\/strong>.<\/a><br \/>\nPara a prefeita Margarida Salom\u00e3o, \u00e9 necess\u00e1rio resgatar a trajet\u00f3ria de pessoas como Eny, sobretudo na atual situa\u00e7\u00e3o do Brasil. \u201cHoje, encerramos o m\u00eas em que nos dedicamos a homenagear a luta das mulheres. Assim, nada mais justo do que relembrar aquela que se arriscou em tempos dif\u00edceis, quando muitos eram presos sem nem saber o porqu\u00ea. Neste momento, o trabalho do advogado adquire uma aura heroica, que \u00e9 a luta pelo direito quando ningu\u00e9m est\u00e1 por ele\u201d, destacou.<br \/>\n\u201cEny dedicou sua vida para lutar contra a tortura, denunciando os por\u00f5es da ditadura. Em nome dela, plantamos esta \u00e1rvore no mesmo solo no qual celebramos a mem\u00f3ria de Marighella. Com este evento, queremos homenagear tamb\u00e9m v\u00e1rios brasileiros que lutaram pela democracia em nosso pa\u00eds\u201d, contou o secret\u00e1rio da SEDH, Biel Rocha.<br \/>\nO procurador geral do munic\u00edpio, Marcus Motta Monteiro, relembrou a trajet\u00f3ria da advogada, destacando sua coragem e vanguardismo. &#8220;A forma como ela documentou o projeto \u2018Brasil: Nunca Mais\u2019 foi genial. Na \u00e9poca, a legisla\u00e7\u00e3o s\u00f3 permitia ao advogado manusear os processos por 24 horas. Por causa disso, ela usou fotoc\u00f3pias para conseguir preservar os processos dos presos pol\u00edticos\u201d.<br \/>\nSegundo o presidente da Ordem dos Advogados do Brasil de Juiz de Fora (OAB\/JF), Alexandre Atilio Rodrigues, a militante foi uma defensora incans\u00e1vel na luta pelos Direitos Humanos. \u201cSendo uma institui\u00e7\u00e3o que preza pelo estado democr\u00e1tico de direito, a OAB n\u00e3o poderia deixar de estar presente em uma homenagem como esta. Neste pr\u00f3ximo tri\u00eanio \u00e0 frente da Ordem, seguiremos com o mesmo esp\u00edrito aguerrido que Eny demonstrou em toda sua vida\u201d, ressaltou.<br \/>\n\u201cTenho o maior respeito pela hist\u00f3ria da Eny. Parab\u00e9ns \u00e0 Prefeitura e a SEDH pela iniciativa\u201d, afirmou a integrante da Comiss\u00e3o Municipal da Verdade, Helena da Mota Salles.<\/p>\n<p>&nbsp;<\/p>\n<p><strong>Conhe\u00e7a a trajet\u00f3ria da advogada<\/strong><br \/>\nNascida em 1946, Eny\u00a0ingressou no curso de Direito na Universidade Federal de Juiz de Fora (UFJF) e, posteriormente, pediu transfer\u00eancia para a Faculdade Nacional de Direito da Universidade Federal do Rio de Janeiro (UFRJ), onde se formou em 1968.<br \/>\nAp\u00f3s se mudar para o Rio de Janeiro, trabalhou por 15 anos no escrit\u00f3rio do advogado Sobral Pinto. Neste per\u00edodo, atuou defendendo diversos\u00a0presos pol\u00edticos da ditadura militar. Presa em\u00a01969 e 1970, participou de casos importantes do Tribunal Militar em S\u00e3o Paulo, como os do ex-ministro, Paulo Vannuchi.<br \/>\nJ\u00e1 em 1978, fundou e presidiu o Comit\u00ea Brasileiro pela Anistia. No ano seguinte, foi uma das idealizadoras do projeto \u201cBrasil: Nunca Mais\u201d, evitando assim que mais de 700 processos judiciais de crimes pol\u00edticos fossem destru\u00eddos com o fim da ditadura.<br \/>\nEntre maio de 2013 e dezembro de 2015, Eny integrou a Comiss\u00e3o Estadual da Verdade do Estado do Rio de Janeiro. No dia 4 de janeiro de 2022, faleceu na cidade de S\u00e3o Paulo, ap\u00f3s consequ\u00eancias de uma parada card\u00edaca.<\/p>\n<p>&nbsp;<\/p>\n<p><strong>Exposi\u00e7\u00e3o fotogr\u00e1fica\u00a0<\/strong><br \/>\nTamb\u00e9m na manh\u00e3 desta quinta, 31, dentro da\u00a0campanha \u201cMar\u00e7o, Mais Mulher, Mais Democracia\u201d, a SEDH\u00a0lan\u00e7ou a exposi\u00e7\u00e3o de fotos \u201cNada an\u00f4nimas na constru\u00e7\u00e3o da mem\u00f3ria\u201d, na entrada do pr\u00e9dio da PJF. O projeto tem como objetivo celebrar o trabalho desenvolvido por 19 servidoras da Prefeitura, com idade igual ou superior a 60 anos.<br \/>\n\u201cA exposi\u00e7\u00e3o foi uma atividade constru\u00edda por v\u00e1rias m\u00e3os, com o apoio das funcion\u00e1rias indicadas pelas secretarias. Com estas fotografias, buscamos garantir, de forma simb\u00f3lica, a discuss\u00e3o do envelhecimento ativo e do empoderamento feminino, al\u00e9m de reconhecer a trajet\u00f3ria destas mulheres, em seus diversos pap\u00e9is\u201d, avaliou a\u00a0 coordenadora de pol\u00edticas para a pessoa idosa da SEDH, Maria Cristina Alves, organizadora da exposi\u00e7\u00e3o.<br \/>\nA iniciativa contou com imagens captadas pelo fot\u00f3grafo da Secretaria de Comunica\u00e7\u00e3o P\u00fablica (Secom), Carlos Mendon\u00e7a. &#8220;Foi uma experi\u00eancia muito gratificante ter contribu\u00eddo para esta linda homenagem. Montamos um pequeno est\u00fadio no d\u00e9cimo\u00a0 andar do pr\u00e9dio da PJF e, em um dia, produzimos as fotos. Hoje, durante a abertura da exposi\u00e7\u00e3o, foi emocionante ver a alegria e a gratid\u00e3o estampada no rosto delas\u201d.<\/p>\n","protected":false},"excerpt":{"rendered":"<p>Segundo informa\u00e7\u00f5es do site da Prefeitura de Juiz de Fora, na manh\u00e3 desta quinta-feira, 31, a Prefeitura de Juiz de Fora (PJF) homenageou a advogada militante dos Direitos Humanos, Eny Raymundo Moreira. Falecida em janeiro deste ano, a juiz-forana atuou na defesa legal de diversos presos pol\u00edticos durante o per\u00edodo da ditadura militar. O evento [&hellip;]<\/p>\n","protected":false},"author":246,"featured_media":197033,"comment_status":"closed","ping_status":"closed","sticky":false,"template":"","format":"standard","meta":{"footnotes":""},"categories":[253,436,439],"tags":[],"class_list":["post-197032","post","type-post","status-publish","format-standard","has-post-thumbnail","hentry","category-cidade","category-destaque-da-semana","category-ultima-hora"],"_links":{"self":[{"href":"https:\/\/diarioregionaldigital.com.br\/index.php?rest_route=\/wp\/v2\/posts\/197032","targetHints":{"allow":["GET"]}}],"collection":[{"href":"https:\/\/diarioregionaldigital.com.br\/index.php?rest_route=\/wp\/v2\/posts"}],"about":[{"href":"https:\/\/diarioregionaldigital.com.br\/index.php?rest_route=\/wp\/v2\/types\/post"}],"author":[{"embeddable":true,"href":"https:\/\/diarioregionaldigital.com.br\/index.php?rest_route=\/wp\/v2\/users\/246"}],"replies":[{"embeddable":true,"href":"https:\/\/diarioregionaldigital.com.br\/index.php?rest_route=%2Fwp%2Fv2%2Fcomments&post=197032"}],"version-history":[{"count":1,"href":"https:\/\/diarioregionaldigital.com.br\/index.php?rest_route=\/wp\/v2\/posts\/197032\/revisions"}],"predecessor-version":[{"id":197034,"href":"https:\/\/diarioregionaldigital.com.br\/index.php?rest_route=\/wp\/v2\/posts\/197032\/revisions\/197034"}],"wp:featuredmedia":[{"embeddable":true,"href":"https:\/\/diarioregionaldigital.com.br\/index.php?rest_route=\/wp\/v2\/media\/197033"}],"wp:attachment":[{"href":"https:\/\/diarioregionaldigital.com.br\/index.php?rest_route=%2Fwp%2Fv2%2Fmedia&parent=197032"}],"wp:term":[{"taxonomy":"category","embeddable":true,"href":"https:\/\/diarioregionaldigital.com.br\/index.php?rest_route=%2Fwp%2Fv2%2Fcategories&post=197032"},{"taxonomy":"post_tag","embeddable":true,"href":"https:\/\/diarioregionaldigital.com.br\/index.php?rest_route=%2Fwp%2Fv2%2Ftags&post=197032"}],"curies":[{"name":"wp","href":"https:\/\/api.w.org\/{rel}","templated":true}]}}