{"id":197029,"date":"2022-03-31T20:32:05","date_gmt":"2022-03-31T23:32:05","guid":{"rendered":"https:\/\/diarioregionaldigital.com.br\/?p=197029"},"modified":"2022-03-31T20:32:05","modified_gmt":"2022-03-31T23:32:05","slug":"representante-de-organizacoes-nao-governamentais-sao-eleitos-para-conselho-de-transito","status":"publish","type":"post","link":"https:\/\/diarioregionaldigital.com.br\/?p=197029","title":{"rendered":"Representante de organiza\u00e7\u00f5es n\u00e3o governamentais s\u00e3o eleitos para Conselho de Tr\u00e2nsito"},"content":{"rendered":"<p>Segundo informa\u00e7\u00f5es do site da Prefeitura de Juiz de Fora, a elei\u00e7\u00e3o do representante das organiza\u00e7\u00f5es n\u00e3o governamentais (ONGs), estabelecidas no Munic\u00edpio, realizada pela Secretaria de Mobilidade Urbana (SMU), para o Conselho Municipal de Transporte e Tr\u00e2nsito (CMTT) foi conclu\u00edda nesta quarta-feira, 30. Participaram da assembleia eletiva membros da ONG e indicados pelas mesmas.<\/p>\n<p>O eleito foi Wilhans Lopes Moraes, membro indicado pelo presidente, e que faz parte da Uni\u00e3o dos Ciclistas de Juiz de Fora e Regi\u00e3o (Unicicli). O seu suplente eleito, tamb\u00e9m membro indicado pelo presidente, \u00e9 Maurio Aparecido Fontana Venerando.<\/p>\n<p>Nesta quarta-feira, a SMU tamb\u00e9m realizou as elei\u00e7\u00f5es de reconvoca\u00e7\u00e3o do Conselho Municipal de Transporte e Tr\u00e2nsito (CMTT) das Regi\u00f5es Nordeste, Oeste e Centro. Diego Alexsandro Pereira, Presidente da Associa\u00e7\u00e3o Comunit\u00e1ria dos Moradores e Amigos do Bairro Granjas Bet\u00e2nia, foi o eleito pela Regi\u00e3o Nordeste, e tem como suplente Wemerson Feliciano da Silva.<\/p>\n<p>Na Regi\u00e3o Oeste, a eleita foi Eliane Ferreira da Silva, Presidente da Associa\u00e7\u00e3o Comunit\u00e1ria dos Moradores e Amigos do Bairro Santos Dumont, com seu suplente, Haroldo Couto. Por fim, na Regi\u00e3o Central, o vencedor da elei\u00e7\u00e3o foi Alexssander Machado Fontoura Vieira, membro da Associa\u00e7\u00e3o Comunit\u00e1ria dos Moradores e Amigos do Bairro Costa Carvalho, indicado pelo presidente da associa\u00e7\u00e3o, que tem Roger de Oliveira como seu suplente.<\/p>\n<p>O edital da elei\u00e7\u00e3o e reconvoca\u00e7\u00e3o havia sido divulgado na sexta-feira, 25, no Atos do Governo &#8211; Di\u00e1rio Oficial do Munic\u00edpio.<\/p>\n<div><\/div>\n","protected":false},"excerpt":{"rendered":"<p>Segundo informa\u00e7\u00f5es do site da Prefeitura de Juiz de Fora, a elei\u00e7\u00e3o do representante das organiza\u00e7\u00f5es n\u00e3o governamentais (ONGs), estabelecidas no Munic\u00edpio, realizada pela Secretaria de Mobilidade Urbana (SMU), para o Conselho Municipal de Transporte e Tr\u00e2nsito (CMTT) foi conclu\u00edda nesta quarta-feira, 30. Participaram da assembleia eletiva membros da ONG e indicados pelas mesmas. O [&hellip;]<\/p>\n","protected":false},"author":246,"featured_media":197030,"comment_status":"closed","ping_status":"closed","sticky":false,"template":"","format":"standard","meta":{"footnotes":""},"categories":[253,436,439],"tags":[],"class_list":["post-197029","post","type-post","status-publish","format-standard","has-post-thumbnail","hentry","category-cidade","category-destaque-da-semana","category-ultima-hora"],"_links":{"self":[{"href":"https:\/\/diarioregionaldigital.com.br\/index.php?rest_route=\/wp\/v2\/posts\/197029","targetHints":{"allow":["GET"]}}],"collection":[{"href":"https:\/\/diarioregionaldigital.com.br\/index.php?rest_route=\/wp\/v2\/posts"}],"about":[{"href":"https:\/\/diarioregionaldigital.com.br\/index.php?rest_route=\/wp\/v2\/types\/post"}],"author":[{"embeddable":true,"href":"https:\/\/diarioregionaldigital.com.br\/index.php?rest_route=\/wp\/v2\/users\/246"}],"replies":[{"embeddable":true,"href":"https:\/\/diarioregionaldigital.com.br\/index.php?rest_route=%2Fwp%2Fv2%2Fcomments&post=197029"}],"version-history":[{"count":1,"href":"https:\/\/diarioregionaldigital.com.br\/index.php?rest_route=\/wp\/v2\/posts\/197029\/revisions"}],"predecessor-version":[{"id":197031,"href":"https:\/\/diarioregionaldigital.com.br\/index.php?rest_route=\/wp\/v2\/posts\/197029\/revisions\/197031"}],"wp:featuredmedia":[{"embeddable":true,"href":"https:\/\/diarioregionaldigital.com.br\/index.php?rest_route=\/wp\/v2\/media\/197030"}],"wp:attachment":[{"href":"https:\/\/diarioregionaldigital.com.br\/index.php?rest_route=%2Fwp%2Fv2%2Fmedia&parent=197029"}],"wp:term":[{"taxonomy":"category","embeddable":true,"href":"https:\/\/diarioregionaldigital.com.br\/index.php?rest_route=%2Fwp%2Fv2%2Fcategories&post=197029"},{"taxonomy":"post_tag","embeddable":true,"href":"https:\/\/diarioregionaldigital.com.br\/index.php?rest_route=%2Fwp%2Fv2%2Ftags&post=197029"}],"curies":[{"name":"wp","href":"https:\/\/api.w.org\/{rel}","templated":true}]}}