{"id":197023,"date":"2022-03-31T20:25:31","date_gmt":"2022-03-31T23:25:31","guid":{"rendered":"https:\/\/diarioregionaldigital.com.br\/?p=197023"},"modified":"2022-03-31T20:25:31","modified_gmt":"2022-03-31T23:25:31","slug":"nacho-do-galo-e-canesin-do-cruzeiro-projetam-final-unica-no-sabado","status":"publish","type":"post","link":"https:\/\/diarioregionaldigital.com.br\/?p=197023","title":{"rendered":"Nacho do Galo e Canesin do Cruzeiro projetam final \u00fanica no s\u00e1bado"},"content":{"rendered":"<p>Que sirva de exemplo. Os favoritos Flamengo e Palmeiras largaram bem atr\u00e1s nas finais do Campeonato Carioca e do Campeonato Paulista. O Rubro-Negro perdeu para o Fluminense por 2 a 0, enquanto o Verd\u00e3o foi derrotado pelo S\u00e3o Paulo por 3 a 1. S\u00f3 que os dois ainda podem virar na\u00a0segunda\u00a0partida. No Campeonato Mineiro, essa chance n\u00e3o existe.<img decoding=\"async\" src=\"https:\/\/agenciabrasil.ebc.com.br\/ebc.png?id=1451605&amp;o=node\" \/><img decoding=\"async\" src=\"https:\/\/agenciabrasil.ebc.com.br\/ebc.gif?id=1451605&amp;o=node\" \/><\/p>\n<p>Atl\u00e9tico e Cruzeiro se enfrentam neste\u00a0s\u00e1bado\u00a0(2), \u00e0s 16h30 (hor\u00e1rio de Brasilia), no Mineir\u00e3o, em final com partida \u00fanica. Se o atual campe\u00e3o brasileiro vacilar, n\u00e3o vai\u00a0ter\u00a0volta. Bicampe\u00e3o estadual, o Galo precisa mostrar sua for\u00e7a, mesmo sabendo que seu maior rival n\u00e3o vai facilitar. Nacho Fern\u00e1ndez n\u00e3o pensa em favoritismo.<\/p>\n<p>\u201c\u00c9 um cl\u00e1ssico e, nos cl\u00e1ssicos, o favoritismo \u00e0s vezes fica um pouco de lado. E tamb\u00e9m \u00e9 uma final. Sabemos que temos um \u00f3timo plantel, confiamos muito no nosso elenco, no que estamos fazendo e tomara que possamos vencer, mas sempre com muita humildade, trabalhando, porque sabemos que temos um rival duro pela frente\u201d, disse o meio-campista durante coletiva nesta quinta-feira (31).<\/p>\n<p>Atl\u00e9tico e Cruzeiro j\u00e1 se enfrentaram nesta edi\u00e7\u00e3o do Estadual na\u00a0primeira fase. Vit\u00f3ria do Galo, de virada, com um gol nos acr\u00e9scimos e a Raposa reclamando da arbitragem. Fernando Canesin, um dos destaques do confronto, demonstra confian\u00e7a para a final.<\/p>\n<p>\u201cA expectativa \u00e9 grande. \u00c9 uma final de extrema import\u00e2ncia para o Cruzeiro. Estamos convencidos de que vamos fazer um grande jogo. A gente vai continuar fazendo o que vem sendo trabalhado no dia a dia. Sabemos que o Atl\u00e9tico \u00e9 uma grande equipe, mas sabemos tamb\u00e9m do nosso potencial, das nossas possibilidades que temos para ganhar\u201d, afirmou o meio-campista da Raposa.<\/p>\n<p>O Cruzeiro n\u00e3o disputa uma final de Campeonato Mineiro desde 2019, quando foi campe\u00e3o em cima do pr\u00f3prio Atl\u00e9tico.<\/p>\n<p>Fonte: Ag\u00eancia Brasil<\/p>\n","protected":false},"excerpt":{"rendered":"<p>Que sirva de exemplo. Os favoritos Flamengo e Palmeiras largaram bem atr\u00e1s nas finais do Campeonato Carioca e do Campeonato Paulista. O Rubro-Negro perdeu para o Fluminense por 2 a 0, enquanto o Verd\u00e3o foi derrotado pelo S\u00e3o Paulo por 3 a 1. S\u00f3 que os dois ainda podem virar na\u00a0segunda\u00a0partida. No Campeonato Mineiro, essa [&hellip;]<\/p>\n","protected":false},"author":246,"featured_media":197024,"comment_status":"closed","ping_status":"closed","sticky":false,"template":"","format":"standard","meta":{"footnotes":""},"categories":[436,257,439],"tags":[],"class_list":["post-197023","post","type-post","status-publish","format-standard","has-post-thumbnail","hentry","category-destaque-da-semana","category-esporte","category-ultima-hora"],"_links":{"self":[{"href":"https:\/\/diarioregionaldigital.com.br\/index.php?rest_route=\/wp\/v2\/posts\/197023","targetHints":{"allow":["GET"]}}],"collection":[{"href":"https:\/\/diarioregionaldigital.com.br\/index.php?rest_route=\/wp\/v2\/posts"}],"about":[{"href":"https:\/\/diarioregionaldigital.com.br\/index.php?rest_route=\/wp\/v2\/types\/post"}],"author":[{"embeddable":true,"href":"https:\/\/diarioregionaldigital.com.br\/index.php?rest_route=\/wp\/v2\/users\/246"}],"replies":[{"embeddable":true,"href":"https:\/\/diarioregionaldigital.com.br\/index.php?rest_route=%2Fwp%2Fv2%2Fcomments&post=197023"}],"version-history":[{"count":1,"href":"https:\/\/diarioregionaldigital.com.br\/index.php?rest_route=\/wp\/v2\/posts\/197023\/revisions"}],"predecessor-version":[{"id":197025,"href":"https:\/\/diarioregionaldigital.com.br\/index.php?rest_route=\/wp\/v2\/posts\/197023\/revisions\/197025"}],"wp:featuredmedia":[{"embeddable":true,"href":"https:\/\/diarioregionaldigital.com.br\/index.php?rest_route=\/wp\/v2\/media\/197024"}],"wp:attachment":[{"href":"https:\/\/diarioregionaldigital.com.br\/index.php?rest_route=%2Fwp%2Fv2%2Fmedia&parent=197023"}],"wp:term":[{"taxonomy":"category","embeddable":true,"href":"https:\/\/diarioregionaldigital.com.br\/index.php?rest_route=%2Fwp%2Fv2%2Fcategories&post=197023"},{"taxonomy":"post_tag","embeddable":true,"href":"https:\/\/diarioregionaldigital.com.br\/index.php?rest_route=%2Fwp%2Fv2%2Ftags&post=197023"}],"curies":[{"name":"wp","href":"https:\/\/api.w.org\/{rel}","templated":true}]}}