{"id":197019,"date":"2022-03-31T20:23:51","date_gmt":"2022-03-31T23:23:51","guid":{"rendered":"https:\/\/diarioregionaldigital.com.br\/?p=197019"},"modified":"2022-03-31T20:23:51","modified_gmt":"2022-03-31T23:23:51","slug":"petrucio-ferreira-quebra-proprio-recorde-mundial-paralimpico-dos-100m","status":"publish","type":"post","link":"https:\/\/diarioregionaldigital.com.br\/?p=197019","title":{"rendered":"Petr\u00facio Ferreira quebra pr\u00f3prio recorde mundial paral\u00edmpico dos 100m"},"content":{"rendered":"<p>Atual bicampe\u00e3o paral\u00edmpico, o velocista Petr\u00facio Ferreira quebrou o pr\u00f3prio recorde paral\u00edmpico dos 100 metros rasos nesta quinta-feira (31), em S\u00e3o Paulo e se tornou o corredor paral\u00edmpico mais r\u00e1pido do planeta, independente da classe \u00e0 esportiva. O paraibano de 25 anos, que compete pela classe T47 (amputados de bra\u00e7o), completou o percurso em 10s29 no Desafio de Atletismo CPB\/CBAt [Centro Paral\u00edmpico Brasileiro, em parceria com a Confedera\u00e7\u00e3o Brasileira de Atletismo] que re\u00fane atletas com e sem defici\u00eancia. Petr\u00facio chegou em primeiro lugar, e foi 13 cent\u00e9simos mais r\u00e1pido do que a marca obtida por ele em 2019, no Mundial de Dubai (Emirados \u00c1rabes Unidos).<img decoding=\"async\" src=\"https:\/\/agenciabrasil.ebc.com.br\/ebc.png?id=1451565&amp;o=node\" \/><img decoding=\"async\" src=\"https:\/\/agenciabrasil.ebc.com.br\/ebc.gif?id=1451565&amp;o=node\" \/><\/p>\n<p>\u201cDesejo essa marca desde o ano passado, na Paralimp\u00edada de T\u00f3quio, onde eu queria ter corrido uma boa marca, mas acabei machucando. Fiquei com esse neg\u00f3cio na cabe\u00e7a que esse ano eu \u00eda dar a volta por cima, como aconteceu outras vezes. E aqui eu consegui repetir isso mais uma vez, n\u00e3o s\u00f3 o recorde mundial da prova, como o de corredor paral\u00edmpico mais r\u00e1pido do mundo\u201d, comemorou o velocista em entrevista ao programa Stadium, da TV Brasil.<\/p>\n<p>O desafio CPB\/CBAt, disputado na pista do Centro de Treinamento Paral\u00edmpico (CTP) na capital paulista, engloba provas de pista e campo. Petr\u00facio Ferreira superou esportistas ol\u00edmpicos como Derick Souza, campe\u00e3o mundial do 4 x 100m, que terminou os 100m rasos em 10s35.<\/p>\n<p>&#8220;Os atletas sem defici\u00eancia puxam a gente. Eu fico motivado para super\u00e1-los. No meu dicion\u00e1rio, n\u00e3o existem as palavras imposs\u00edvel e dif\u00edcil. S\u00f3 existe a frase: &#8216;Eu posso, eu quero e eu consigo&#8217;. Depois deste tempo de 10s29, quem sabe eu consiga chegar \u00e0 marca de 10s10? N\u00e3o \u00e9 uma promessa, mas tenho este desejo&#8221;, revelou o velocista, em depoimento ao CPB.<\/p>\n<p>A competi\u00e7\u00e3o na capital paulista segue at\u00e9 s\u00e1bado (2 de abril). Al\u00e9m de Petr\u00facio, outros medalhistas nos Jogos de T\u00f3quio est\u00e3o na disputa, como Alessandro Silva, Beth Gomes, Ra\u00edssa Machado, Julyana Silva, Vin\u00edcius Rodrigues, Thiago Paulino, Jerusa Geber, Washington J\u00fanior, Mateus Evangelista, Thomaz Moraes e Ricardo Mendon\u00e7a, entre outros.<\/p>\n<p>Fonte: Ag\u00eancia Brasil<\/p>\n","protected":false},"excerpt":{"rendered":"<p>Atual bicampe\u00e3o paral\u00edmpico, o velocista Petr\u00facio Ferreira quebrou o pr\u00f3prio recorde paral\u00edmpico dos 100 metros rasos nesta quinta-feira (31), em S\u00e3o Paulo e se tornou o corredor paral\u00edmpico mais r\u00e1pido do planeta, independente da classe \u00e0 esportiva. O paraibano de 25 anos, que compete pela classe T47 (amputados de bra\u00e7o), completou o percurso em 10s29 [&hellip;]<\/p>\n","protected":false},"author":246,"featured_media":197020,"comment_status":"closed","ping_status":"closed","sticky":false,"template":"","format":"standard","meta":{"footnotes":""},"categories":[436,257,439],"tags":[],"class_list":["post-197019","post","type-post","status-publish","format-standard","has-post-thumbnail","hentry","category-destaque-da-semana","category-esporte","category-ultima-hora"],"_links":{"self":[{"href":"https:\/\/diarioregionaldigital.com.br\/index.php?rest_route=\/wp\/v2\/posts\/197019","targetHints":{"allow":["GET"]}}],"collection":[{"href":"https:\/\/diarioregionaldigital.com.br\/index.php?rest_route=\/wp\/v2\/posts"}],"about":[{"href":"https:\/\/diarioregionaldigital.com.br\/index.php?rest_route=\/wp\/v2\/types\/post"}],"author":[{"embeddable":true,"href":"https:\/\/diarioregionaldigital.com.br\/index.php?rest_route=\/wp\/v2\/users\/246"}],"replies":[{"embeddable":true,"href":"https:\/\/diarioregionaldigital.com.br\/index.php?rest_route=%2Fwp%2Fv2%2Fcomments&post=197019"}],"version-history":[{"count":2,"href":"https:\/\/diarioregionaldigital.com.br\/index.php?rest_route=\/wp\/v2\/posts\/197019\/revisions"}],"predecessor-version":[{"id":197022,"href":"https:\/\/diarioregionaldigital.com.br\/index.php?rest_route=\/wp\/v2\/posts\/197019\/revisions\/197022"}],"wp:featuredmedia":[{"embeddable":true,"href":"https:\/\/diarioregionaldigital.com.br\/index.php?rest_route=\/wp\/v2\/media\/197020"}],"wp:attachment":[{"href":"https:\/\/diarioregionaldigital.com.br\/index.php?rest_route=%2Fwp%2Fv2%2Fmedia&parent=197019"}],"wp:term":[{"taxonomy":"category","embeddable":true,"href":"https:\/\/diarioregionaldigital.com.br\/index.php?rest_route=%2Fwp%2Fv2%2Fcategories&post=197019"},{"taxonomy":"post_tag","embeddable":true,"href":"https:\/\/diarioregionaldigital.com.br\/index.php?rest_route=%2Fwp%2Fv2%2Ftags&post=197019"}],"curies":[{"name":"wp","href":"https:\/\/api.w.org\/{rel}","templated":true}]}}