{"id":197015,"date":"2022-03-31T20:22:20","date_gmt":"2022-03-31T23:22:20","guid":{"rendered":"https:\/\/diarioregionaldigital.com.br\/?p=197015"},"modified":"2022-03-31T20:22:20","modified_gmt":"2022-03-31T23:22:20","slug":"judo-selecao-brasileira-disputa-grand-slam-de-antalya","status":"publish","type":"post","link":"https:\/\/diarioregionaldigital.com.br\/?p=197015","title":{"rendered":"Jud\u00f4: sele\u00e7\u00e3o brasileira disputa Grand Slam de Antalya"},"content":{"rendered":"<p>A sele\u00e7\u00e3o brasileira de jud\u00f4 disputa a partir das 3h (hor\u00e1rio de Bras\u00edlia) desta sexta-feira (1) o Grand Slam de Antalya (Turquia), competi\u00e7\u00e3o que faz parte do Circuito Mundial da modalidade. O evento ter\u00e1\u00a0<a href=\"https:\/\/live.ijf.org\/account?backTo=https%3A%2F%2Flive.ijf.org%2Fgs_tur2022%2Flive_video\">transmiss\u00e3o ao vivo atrav\u00e9s do site da Federa\u00e7\u00e3o Internacional de Jud\u00f4<\/a>.<img decoding=\"async\" src=\"https:\/\/agenciabrasil.ebc.com.br\/ebc.png?id=1451600&amp;o=node\" \/><img decoding=\"async\" src=\"https:\/\/agenciabrasil.ebc.com.br\/ebc.gif?id=1451600&amp;o=node\" \/><\/p>\n<p>O Grand Slam de Antalya, que vai at\u00e9 o pr\u00f3ximo domingo (3), \u00e9 a \u00faltima etapa do Circuito Mundial antes do Pan-Americano e da Oceania de Jud\u00f4. Al\u00e9m disso, a competi\u00e7\u00e3o na Turquia definir\u00e1 quem participar\u00e1 do Pan.<\/p>\n<p>Um dos destaques do Brasil no evento \u00e9 a medalhista ol\u00edmpica Mayra Aguiar, que participar\u00e1 pela primeira vez de uma competi\u00e7\u00e3o desde os Jogos de T\u00f3quio, evento no qual garantiu o seu terceiro bronze ol\u00edmpico.<\/p>\n<p>A equipe feminina tamb\u00e9m contar\u00e1 com Amanda Lima (48kg), Natasha Ferreira (48kg), Maria Taba (52kg), Larissa Pimenta (52kg), Rafaela Silva (57kg), J\u00e9ssica Lima (57kg), Al\u00e9xia Castilhos (63kg), Ketleyn Quadros (63kg), Luana Carvalho (70kg), Maria Portela (70kg) e Camila Yamakawa (+78kg).<\/p>\n<p>J\u00e1 no masculino o Brasil contar\u00e1 com Ryan Concei\u00e7\u00e3o (60kg), Willian Lima (66kg), Eric Takabatake (66kg), Daniel Cargnin (73kg), Jeferson Santos Jr (73kg), Guilherme Schimidt (81kg), Rafael Macedo (90kg), Marcelo Gomes (90kg), Rafael Buzacarini (100kg), William Souza (100kg), Jo\u00e3o Cesarino (+100kg) e Juscelino Nascimento (+100kg).<\/p>\n<p>Fonte: Ag\u00eancia Brasil<\/p>\n","protected":false},"excerpt":{"rendered":"<p>A sele\u00e7\u00e3o brasileira de jud\u00f4 disputa a partir das 3h (hor\u00e1rio de Bras\u00edlia) desta sexta-feira (1) o Grand Slam de Antalya (Turquia), competi\u00e7\u00e3o que faz parte do Circuito Mundial da modalidade. O evento ter\u00e1\u00a0transmiss\u00e3o ao vivo atrav\u00e9s do site da Federa\u00e7\u00e3o Internacional de Jud\u00f4. O Grand Slam de Antalya, que vai at\u00e9 o pr\u00f3ximo domingo [&hellip;]<\/p>\n","protected":false},"author":246,"featured_media":197016,"comment_status":"closed","ping_status":"closed","sticky":false,"template":"","format":"standard","meta":{"footnotes":""},"categories":[436,440,257,439],"tags":[],"class_list":["post-197015","post","type-post","status-publish","format-standard","has-post-thumbnail","hentry","category-destaque-da-semana","category-destaques-do-dia","category-esporte","category-ultima-hora"],"_links":{"self":[{"href":"https:\/\/diarioregionaldigital.com.br\/index.php?rest_route=\/wp\/v2\/posts\/197015","targetHints":{"allow":["GET"]}}],"collection":[{"href":"https:\/\/diarioregionaldigital.com.br\/index.php?rest_route=\/wp\/v2\/posts"}],"about":[{"href":"https:\/\/diarioregionaldigital.com.br\/index.php?rest_route=\/wp\/v2\/types\/post"}],"author":[{"embeddable":true,"href":"https:\/\/diarioregionaldigital.com.br\/index.php?rest_route=\/wp\/v2\/users\/246"}],"replies":[{"embeddable":true,"href":"https:\/\/diarioregionaldigital.com.br\/index.php?rest_route=%2Fwp%2Fv2%2Fcomments&post=197015"}],"version-history":[{"count":2,"href":"https:\/\/diarioregionaldigital.com.br\/index.php?rest_route=\/wp\/v2\/posts\/197015\/revisions"}],"predecessor-version":[{"id":197018,"href":"https:\/\/diarioregionaldigital.com.br\/index.php?rest_route=\/wp\/v2\/posts\/197015\/revisions\/197018"}],"wp:featuredmedia":[{"embeddable":true,"href":"https:\/\/diarioregionaldigital.com.br\/index.php?rest_route=\/wp\/v2\/media\/197016"}],"wp:attachment":[{"href":"https:\/\/diarioregionaldigital.com.br\/index.php?rest_route=%2Fwp%2Fv2%2Fmedia&parent=197015"}],"wp:term":[{"taxonomy":"category","embeddable":true,"href":"https:\/\/diarioregionaldigital.com.br\/index.php?rest_route=%2Fwp%2Fv2%2Fcategories&post=197015"},{"taxonomy":"post_tag","embeddable":true,"href":"https:\/\/diarioregionaldigital.com.br\/index.php?rest_route=%2Fwp%2Fv2%2Ftags&post=197015"}],"curies":[{"name":"wp","href":"https:\/\/api.w.org\/{rel}","templated":true}]}}