{"id":197012,"date":"2022-03-31T20:20:15","date_gmt":"2022-03-31T23:20:15","guid":{"rendered":"https:\/\/diarioregionaldigital.com.br\/?p=197012"},"modified":"2022-03-31T20:20:15","modified_gmt":"2022-03-31T23:20:15","slug":"sport-e-fortaleza-se-enfrentam-em-1o-jogo-da-final-da-copa-do-nordeste","status":"publish","type":"post","link":"https:\/\/diarioregionaldigital.com.br\/?p=197012","title":{"rendered":"Sport e Fortaleza se enfrentam em 1\u00ba jogo da final da Copa do Nordeste"},"content":{"rendered":"<p>Sport e\u00a0Fortaleza come\u00e7am a decidir o t\u00edtulo da Copa do Nordeste nesta\u00a0<span id=\"OBJ_PREFIX_DWT91_com_zimbra_date\" role=\"link\">quinta<\/span>-feira (31), \u00e0s 21h35 (hor\u00e1rio de Bras\u00edlia). O primeiro jogo da final ser\u00e1 na Arena Pernambuco, em Recife, onde s\u00e3o esperados 46 mil torcedores. Os pernambucanos conquistaram por tr\u00eas\u00a0vezes a competi\u00e7\u00e3o (1994, 2000 e 2014), enquanto o Tricolor cearense levantou a ta\u00e7a\u00a0em 2019.<img decoding=\"async\" src=\"https:\/\/agenciabrasil.ebc.com.br\/ebc.png?id=1451409&amp;o=node\" \/><img decoding=\"async\" src=\"https:\/\/agenciabrasil.ebc.com.br\/ebc.gif?id=1451409&amp;o=node\" \/><\/p>\n<p>Para assegurar presen\u00e7a na final, o Le\u00e3o Rubro-Negro se classificou em terceiro lugar na fase de grupos, e venceu\u00a0CRB e CSA nas etapas eliminat\u00f3rias. O volante Willian Oliveira lembra que o time estava desacreditado e que as coisas mudaram com a chegada do t\u00e9cnico Gilmar Dal Pozzo, em 14 de mar\u00e7o<\/p>\n<p>\u201cA gente precisava dar mais e as coisas melhoraram\u201d, revelou Oliveira.<\/p>\n<p>O Fortaleza ficou em primeiro lugar na fase de grupos e eliminou o Atl\u00e9tico-BA e o N\u00e1utico para chegar \u00e0 decis\u00e3o da Copa do Nordeste. O atacante Robson falou do respeito ao advers\u00e1rio e da import\u00e2ncia destes primeiros noventa minutos<\/p>\n<p>\u201cFazer um bom jogo pra depois decidir em casa\u201d<\/p>\n<p>O segundo jogo da final da Copa do Nordeste ser\u00e1 no\u00a0<span id=\"OBJ_PREFIX_DWT92_com_zimbra_date\" role=\"link\">domingo (3)<\/span>, na Arena Castel\u00e3o, em Fortaleza.<\/p>\n<p>Fonte: Ag\u00eancia Brasil<\/p>\n","protected":false},"excerpt":{"rendered":"<p>Sport e\u00a0Fortaleza come\u00e7am a decidir o t\u00edtulo da Copa do Nordeste nesta\u00a0quinta-feira (31), \u00e0s 21h35 (hor\u00e1rio de Bras\u00edlia). O primeiro jogo da final ser\u00e1 na Arena Pernambuco, em Recife, onde s\u00e3o esperados 46 mil torcedores. Os pernambucanos conquistaram por tr\u00eas\u00a0vezes a competi\u00e7\u00e3o (1994, 2000 e 2014), enquanto o Tricolor cearense levantou a ta\u00e7a\u00a0em 2019. Para [&hellip;]<\/p>\n","protected":false},"author":246,"featured_media":197013,"comment_status":"closed","ping_status":"closed","sticky":false,"template":"","format":"standard","meta":{"footnotes":""},"categories":[436,257,439],"tags":[],"class_list":["post-197012","post","type-post","status-publish","format-standard","has-post-thumbnail","hentry","category-destaque-da-semana","category-esporte","category-ultima-hora"],"_links":{"self":[{"href":"https:\/\/diarioregionaldigital.com.br\/index.php?rest_route=\/wp\/v2\/posts\/197012","targetHints":{"allow":["GET"]}}],"collection":[{"href":"https:\/\/diarioregionaldigital.com.br\/index.php?rest_route=\/wp\/v2\/posts"}],"about":[{"href":"https:\/\/diarioregionaldigital.com.br\/index.php?rest_route=\/wp\/v2\/types\/post"}],"author":[{"embeddable":true,"href":"https:\/\/diarioregionaldigital.com.br\/index.php?rest_route=\/wp\/v2\/users\/246"}],"replies":[{"embeddable":true,"href":"https:\/\/diarioregionaldigital.com.br\/index.php?rest_route=%2Fwp%2Fv2%2Fcomments&post=197012"}],"version-history":[{"count":1,"href":"https:\/\/diarioregionaldigital.com.br\/index.php?rest_route=\/wp\/v2\/posts\/197012\/revisions"}],"predecessor-version":[{"id":197014,"href":"https:\/\/diarioregionaldigital.com.br\/index.php?rest_route=\/wp\/v2\/posts\/197012\/revisions\/197014"}],"wp:featuredmedia":[{"embeddable":true,"href":"https:\/\/diarioregionaldigital.com.br\/index.php?rest_route=\/wp\/v2\/media\/197013"}],"wp:attachment":[{"href":"https:\/\/diarioregionaldigital.com.br\/index.php?rest_route=%2Fwp%2Fv2%2Fmedia&parent=197012"}],"wp:term":[{"taxonomy":"category","embeddable":true,"href":"https:\/\/diarioregionaldigital.com.br\/index.php?rest_route=%2Fwp%2Fv2%2Fcategories&post=197012"},{"taxonomy":"post_tag","embeddable":true,"href":"https:\/\/diarioregionaldigital.com.br\/index.php?rest_route=%2Fwp%2Fv2%2Ftags&post=197012"}],"curies":[{"name":"wp","href":"https:\/\/api.w.org\/{rel}","templated":true}]}}