{"id":197009,"date":"2022-03-31T20:14:13","date_gmt":"2022-03-31T23:14:13","guid":{"rendered":"https:\/\/diarioregionaldigital.com.br\/?p=197009"},"modified":"2022-03-31T20:14:13","modified_gmt":"2022-03-31T23:14:13","slug":"estado-repassa-recursos-para-escolas-familias-agricolas","status":"publish","type":"post","link":"https:\/\/diarioregionaldigital.com.br\/?p=197009","title":{"rendered":"Estado repassa recursos para Escolas Fam\u00edlias Agr\u00edcolas"},"content":{"rendered":"<p>O\u00a0<a href=\"https:\/\/www.mg.gov.br\/\" target=\"_blank\" rel=\"noopener\">Governo de Minas<\/a>, por meio da\u00a0<a href=\"http:\/\/www.agricultura.mg.gov.br\/\" target=\"_blank\" rel=\"noopener\">Secretaria de Estado de Agricultura, Pecu\u00e1ria e Abastecimento (Seapa)<\/a>, repassou R$ 330 mil para auxiliar as despesas das atividades did\u00e1ticas das 22 Escolas Fam\u00edlias Agr\u00edcolas do estado. Liberado em 2021, o recurso tem viabilizado, neste semestre, a entrega de remessas de insumos.<\/p>\n<p>As institui\u00e7\u00f5es apresentam uma proposta pedag\u00f3gica alternativa para a educa\u00e7\u00e3o profissional, levando qualifica\u00e7\u00e3o aos jovens moradores da zona rural. Em Minas Gerais, as Escolas Fam\u00edlias Agr\u00edcolas (EFAs) atendem cerca de 2 mil alunos.<\/p>\n<p>Assessor t\u00e9cnico da Secretaria de Agricultura, Gilcemar Gon\u00e7alves Ara\u00fajo explica a import\u00e2ncia do apoio do governo \u00e0s escolas.<\/p>\n<p>\u201cO projeto prev\u00ea a aquisi\u00e7\u00e3o de ra\u00e7\u00f5es para bovinos, aves e su\u00ednos, visando ampliar a cria\u00e7\u00e3o de animais nas propriedades das EFAs\u201d, destaca. Al\u00e9m disso, o assessor t\u00e9cnico lembra que o repasse feito para a aquisi\u00e7\u00e3o dos insumos contribui para a seguran\u00e7a alimentar dos estudantes. \u201cParte da produ\u00e7\u00e3o das unidades did\u00e1ticas s\u00e3o utilizadas para alimenta\u00e7\u00e3o dos pr\u00f3prios dos alunos\u201d, afirma.<\/p>\n<p><strong>Metodologia\u00a0<\/strong><\/p>\n<p>As EFAs utilizam a metodologia da pedagogia da altern\u00e2ncia, processo em que o estudante vivencia, por um per\u00edodo de 15 dias, um tempo na escola e outro na comunidade. Durante os dias em que est\u00e1 integralmente no espa\u00e7o escolar, o aluno aprende, al\u00e9m das disciplinas tradicionais, aulas pr\u00e1ticas que est\u00e3o conectadas \u00e0 realidade no campo. Na quinzena em que voltam para casa, os estudantes aplicam o conhecimento adquirido em sua comunidade rural.<\/p>\n<p>O diretor da Escola Fam\u00edlia Agr\u00edcola de Set\u00fabal (Efaset), Jos\u00e9 Carlos Lopes Pereira, lembra a import\u00e2ncia do apoio do Governo do Estado para manuten\u00e7\u00e3o de atividades das institui\u00e7\u00f5es. \u201cOs insumos s\u00e3o essenciais para o trabalho nas unidades produtivas de animais. Neste espa\u00e7o, os estudantes t\u00eam a oportunidade de fazer o manejo e aprender boas pr\u00e1ticas\u201d.<\/p>\n<p><strong>Mucuri<\/strong><\/p>\n<p>Na Efaset do munic\u00edpio de Malacacheta (Vale do Mucuri), al\u00e9m da cria\u00e7\u00e3o de aves e su\u00ednos, um viveiro de mudas e produ\u00e7\u00e3o de hortali\u00e7as estimulam o empreendedorismo rural. \u201cOs jovens do campo podem utilizar o conhecimento apreendido aqui para permanecerem em suas propriedades. Mostramos a eles que hoje n\u00e3o \u00e9 mais preciso buscar oportunidades profissionais nas cidades da regi\u00e3o\u201d.<\/p>\n<p>Com um ensino voltado \u00e0s ci\u00eancias agr\u00e1rias, filhos de agricultores familiares t\u00eam a oportunidade de qualifica\u00e7\u00e3o profissional gratuita para atuarem na propriedade de suas fam\u00edlias, contribuindo com o processo de sucess\u00e3o familiar e diminui\u00e7\u00e3o do \u00eaxodo rural. Para a diretora de Agricultura Familiar da Seapa, Fabr\u00edcia Ferraz Mateus, as Escolas Agr\u00edcolas s\u00e3o importantes espa\u00e7os de desenvolvimento social e rural. \u201cA forma\u00e7\u00e3o d\u00e1 oportunidade aos jovens de permanecerem no campo com mais qualidade de vida, a partir da gera\u00e7\u00e3o de emprego e renda\u201d.<\/p>\n<p><strong>Rede sustent\u00e1vel\u00a0<\/strong><\/p>\n<p>Assim como as EFAs, uma s\u00e9rie de a\u00e7\u00f5es est\u00e3o sendo feitas pela Secretaria de Agricultura para o desenvolvimento e fortalecimento da agricultura familiar. Os trabalhos foram apresentados durante a 53\u00aa reuni\u00e3o do Conselho Estadual de Desenvolvimento Rural Sustent\u00e1vel (Cedraf-MG).<\/p>\n<p>As entregas realizadas pela pasta em 2021 foram apresentadas por tr\u00eas superintend\u00eancias: Superintend\u00eancia de Abastecimento e Cooperativismo, Superintend\u00eancia de Desenvolvimento Agropecu\u00e1rio e a Superintend\u00eancia de Regulariza\u00e7\u00e3o Fundi\u00e1ria.<\/p>\n<p>O subsecret\u00e1rio de Agricultura Familiar e Desenvolvimento Rural Sustent\u00e1vel da Seapa, Ricardo Peres Demicheli, presidente em exerc\u00edcio do Conselho, aponta que, mesmo diante das dificuldades impostas pela pandemia de covid-19, \u00e9 poss\u00edvel observar que as atividades voltadas aos agricultores familiares foram diversificadas e em grande n\u00famero. \u201cIsso mostra o esfor\u00e7o que a Seapa tem feito para fortalecer o setor agropecu\u00e1rio do estado, sobretudo da agricultura familiar. A atividade \u00e9 muito importante do pontos de vista econ\u00f4mica e social, uma vez que \u00e9 fonte geradora de ocupa\u00e7\u00e3o, renda e alimentos para a nossa popula\u00e7\u00e3o\u201d.<\/p>\n<p>Fonte: Ag\u00eancia Minas<\/p>\n","protected":false},"excerpt":{"rendered":"<p>O\u00a0Governo de Minas, por meio da\u00a0Secretaria de Estado de Agricultura, Pecu\u00e1ria e Abastecimento (Seapa), repassou R$ 330 mil para auxiliar as despesas das atividades did\u00e1ticas das 22 Escolas Fam\u00edlias Agr\u00edcolas do estado. Liberado em 2021, o recurso tem viabilizado, neste semestre, a entrega de remessas de insumos. As institui\u00e7\u00f5es apresentam uma proposta pedag\u00f3gica alternativa para [&hellip;]<\/p>\n","protected":false},"author":246,"featured_media":197010,"comment_status":"closed","ping_status":"closed","sticky":false,"template":"","format":"standard","meta":{"footnotes":""},"categories":[436,254,439],"tags":[],"class_list":["post-197009","post","type-post","status-publish","format-standard","has-post-thumbnail","hentry","category-destaque-da-semana","category-politica","category-ultima-hora"],"_links":{"self":[{"href":"https:\/\/diarioregionaldigital.com.br\/index.php?rest_route=\/wp\/v2\/posts\/197009","targetHints":{"allow":["GET"]}}],"collection":[{"href":"https:\/\/diarioregionaldigital.com.br\/index.php?rest_route=\/wp\/v2\/posts"}],"about":[{"href":"https:\/\/diarioregionaldigital.com.br\/index.php?rest_route=\/wp\/v2\/types\/post"}],"author":[{"embeddable":true,"href":"https:\/\/diarioregionaldigital.com.br\/index.php?rest_route=\/wp\/v2\/users\/246"}],"replies":[{"embeddable":true,"href":"https:\/\/diarioregionaldigital.com.br\/index.php?rest_route=%2Fwp%2Fv2%2Fcomments&post=197009"}],"version-history":[{"count":1,"href":"https:\/\/diarioregionaldigital.com.br\/index.php?rest_route=\/wp\/v2\/posts\/197009\/revisions"}],"predecessor-version":[{"id":197011,"href":"https:\/\/diarioregionaldigital.com.br\/index.php?rest_route=\/wp\/v2\/posts\/197009\/revisions\/197011"}],"wp:featuredmedia":[{"embeddable":true,"href":"https:\/\/diarioregionaldigital.com.br\/index.php?rest_route=\/wp\/v2\/media\/197010"}],"wp:attachment":[{"href":"https:\/\/diarioregionaldigital.com.br\/index.php?rest_route=%2Fwp%2Fv2%2Fmedia&parent=197009"}],"wp:term":[{"taxonomy":"category","embeddable":true,"href":"https:\/\/diarioregionaldigital.com.br\/index.php?rest_route=%2Fwp%2Fv2%2Fcategories&post=197009"},{"taxonomy":"post_tag","embeddable":true,"href":"https:\/\/diarioregionaldigital.com.br\/index.php?rest_route=%2Fwp%2Fv2%2Ftags&post=197009"}],"curies":[{"name":"wp","href":"https:\/\/api.w.org\/{rel}","templated":true}]}}