{"id":197006,"date":"2022-03-31T20:12:42","date_gmt":"2022-03-31T23:12:42","guid":{"rendered":"https:\/\/diarioregionaldigital.com.br\/?p=197006"},"modified":"2022-03-31T20:12:42","modified_gmt":"2022-03-31T23:12:42","slug":"fhemig-abre-edital-para-contratar-mais-de-40-medicos","status":"publish","type":"post","link":"https:\/\/diarioregionaldigital.com.br\/?p=197006","title":{"rendered":"Fhemig abre edital para contratar mais de 40 m\u00e9dicos"},"content":{"rendered":"<p>A\u00a0<a href=\"https:\/\/www.fhemig.mg.gov.br\/\" target=\"_blank\" rel=\"noopener\">Funda\u00e7\u00e3o Hospitalar do Estado de Minas Gerais (Fhemig)<\/a>\u00a0est\u00e1 com editais e chamamentos emergenciais abertos para preenchimento de mais de 40 vagas para m\u00e9dicos de diversas especialidades.<\/p>\n<p>Em Belo Horizonte, tr\u00eas vagas s\u00e3o para m\u00e9dico pediatra com atua\u00e7\u00e3o no Complexo de Urg\u00eancia (hospitais Jo\u00e3o XXIII, Infantil Jo\u00e3o Paulo II e Maria Am\u00e9lia Lins). A carga hor\u00e1ria \u00e9 de 24 horas semanais e o sal\u00e1rio de R$ 5.801,50. Os candidatos devem enviar toda a documenta\u00e7\u00e3o requerida para o e-mail\u00a0<a href=\"mailto:pss.chu@fhemig.mg.gov.br\">pss.chu@fhemig.mg.gov.br<\/a>\u00a0at\u00e9 o dia 1\/4. Mais detalhes est\u00e3o dispon\u00edveis no edital:\u00a0<a href=\"https:\/\/bit.ly\/3uDGr4R\" target=\"_blank\" rel=\"noopener\">https:\/\/bit.ly\/3uDGr4R<\/a>.<\/p>\n<p>Tamb\u00e9m na capital, h\u00e1 processo seletivo com 35 vagas para atua\u00e7\u00e3o no Complexo de Especialidades (hospitais J\u00falia Kubitschek e Alberto Cavalcanti). O edital contempla as seguintes especialidades:<\/p>\n<p>&#8211; 26 vagas para m\u00e9dico anestesista, com carga hor\u00e1ria de 24 horas semanais e sal\u00e1rio de R$ 5.801,50;<\/p>\n<p>&#8211; uma vaga para m\u00e9dico generalista, carga hor\u00e1ria de 12 horas semanais e sal\u00e1rio de R$ 2.075,09;<\/p>\n<p>&#8211; uma vaga para m\u00e9dico cl\u00ednico, carga hor\u00e1ria de 24 horas semanais e sal\u00e1rio de R$ 5.801,50;<\/p>\n<p>&#8211; uma vaga para m\u00e9dico cl\u00ednico: \u00e1rea de atua\u00e7\u00e3o CTI, carga hor\u00e1ria de 24 horas semanais e sal\u00e1rio de R$ 5.801,50;<\/p>\n<p>&#8211; uma vaga para m\u00e9dico cirurgi\u00e3o geral: \u00e1rea de atua\u00e7\u00e3o CTI, carga hor\u00e1ria de 24 horas semanais e sal\u00e1rio de R$ 5.801,50;<\/p>\n<p>&#8211; uma vaga para m\u00e9dico intensivista, carga hor\u00e1ria de 24 horas semanais e sal\u00e1rio de R$ 5.801,50;<\/p>\n<p>&#8211; uma vaga para m\u00e9dico pediatra, carga hor\u00e1ria de 24 horas semanais e sal\u00e1rio de R$ 5.801,50;<\/p>\n<p>&#8211; uma vaga para m\u00e9dico emergencista, carga hor\u00e1ria de 24 horas semanais e sal\u00e1rio de R$ 5.801,50;<\/p>\n<p>&#8211; uma vaga para m\u00e9dico radiologista e diagn\u00f3stico por imagem, carga hor\u00e1ria de 24 horas semanais e sal\u00e1rio de R$ 5.801,50;<\/p>\n<p>&#8211; uma vaga para m\u00e9dico geneticista, carga hor\u00e1ria de 24 horas semanais e sal\u00e1rio de R$ 5.801,50.<\/p>\n<p>As inscri\u00e7\u00f5es v\u00e3o at\u00e9 13\/4 e devem ser feitas por preenchimento de curr\u00edculo eletr\u00f4nico na p\u00e1gina da Fhemig:<a href=\"https:\/\/www.fhemig.mg.gov.br\/\" target=\"_blank\" rel=\"noopener\">\u00a0<\/a><a href=\"https:\/\/www.agenciaminas.mg.gov.br\/noticia\/www.fhemig.mg.gov.br\">www.fhemig.mg.gov.br<\/a>, no menu \u201cComo ingressar na Fhemig\u201d. \u00c9 recomendado navegar pelo Internet Explorer ou Mozilla Firefox (vers\u00e3o 3.5). O sistema n\u00e3o \u00e9 compat\u00edvel com celular. Mais informa\u00e7\u00f5es no edital:\u00a0<a href=\"https:\/\/bit.ly\/3tRod0y\" target=\"_blank\" rel=\"noopener\">https:\/\/bit.ly\/3tRod0y<\/a>.<\/p>\n<p><strong>Patos de Minas<\/strong><\/p>\n<p>Em Patos de Minas, o Hospital Regional Ant\u00f4nio Dias (HRAD) faz chamamento emergencial para o preenchimento de tr\u00eas vagas de m\u00e9dico especialista: uma para carga hor\u00e1ria de 12 horas semanais, com sal\u00e1rio de R$ 2.995,77, e outras duas para carga hor\u00e1ria de 24 horas semanais, com remunera\u00e7\u00e3o de R$ 5.801,50.<\/p>\n<p>As inscri\u00e7\u00f5es v\u00e3o at\u00e9 o dia 18\/4. Os candidatos devem enviar toda a documenta\u00e7\u00e3o exigida para o e-mail\u00a0<a href=\"mailto:pss.hrad@fhemig.mg.gov.br\">pss.hrad@fhemig.mg.gov.br<\/a>. Mais detalhes no edital:<a href=\"http:\/\/https\/\/bit.ly\/3LjIxOa\" target=\"_blank\" rel=\"noopener\">\u00a0<\/a><a href=\"https:\/\/bit.ly\/3LjIxOa\">https:\/\/bit.ly\/3LjIxOa<\/a>.<\/p>\n<p>Todos os valores salariais podem ser acrescidos de vantagens inerentes \u00e0 fun\u00e7\u00e3o exercida e local de atua\u00e7\u00e3o.<\/p>\n<p>Fonte: Ag\u00eancia Minas<\/p>\n","protected":false},"excerpt":{"rendered":"<p>A\u00a0Funda\u00e7\u00e3o Hospitalar do Estado de Minas Gerais (Fhemig)\u00a0est\u00e1 com editais e chamamentos emergenciais abertos para preenchimento de mais de 40 vagas para m\u00e9dicos de diversas especialidades. Em Belo Horizonte, tr\u00eas vagas s\u00e3o para m\u00e9dico pediatra com atua\u00e7\u00e3o no Complexo de Urg\u00eancia (hospitais Jo\u00e3o XXIII, Infantil Jo\u00e3o Paulo II e Maria Am\u00e9lia Lins). A carga hor\u00e1ria [&hellip;]<\/p>\n","protected":false},"author":246,"featured_media":197007,"comment_status":"closed","ping_status":"closed","sticky":false,"template":"","format":"standard","meta":{"footnotes":""},"categories":[436,254,439],"tags":[],"class_list":["post-197006","post","type-post","status-publish","format-standard","has-post-thumbnail","hentry","category-destaque-da-semana","category-politica","category-ultima-hora"],"_links":{"self":[{"href":"https:\/\/diarioregionaldigital.com.br\/index.php?rest_route=\/wp\/v2\/posts\/197006","targetHints":{"allow":["GET"]}}],"collection":[{"href":"https:\/\/diarioregionaldigital.com.br\/index.php?rest_route=\/wp\/v2\/posts"}],"about":[{"href":"https:\/\/diarioregionaldigital.com.br\/index.php?rest_route=\/wp\/v2\/types\/post"}],"author":[{"embeddable":true,"href":"https:\/\/diarioregionaldigital.com.br\/index.php?rest_route=\/wp\/v2\/users\/246"}],"replies":[{"embeddable":true,"href":"https:\/\/diarioregionaldigital.com.br\/index.php?rest_route=%2Fwp%2Fv2%2Fcomments&post=197006"}],"version-history":[{"count":1,"href":"https:\/\/diarioregionaldigital.com.br\/index.php?rest_route=\/wp\/v2\/posts\/197006\/revisions"}],"predecessor-version":[{"id":197008,"href":"https:\/\/diarioregionaldigital.com.br\/index.php?rest_route=\/wp\/v2\/posts\/197006\/revisions\/197008"}],"wp:featuredmedia":[{"embeddable":true,"href":"https:\/\/diarioregionaldigital.com.br\/index.php?rest_route=\/wp\/v2\/media\/197007"}],"wp:attachment":[{"href":"https:\/\/diarioregionaldigital.com.br\/index.php?rest_route=%2Fwp%2Fv2%2Fmedia&parent=197006"}],"wp:term":[{"taxonomy":"category","embeddable":true,"href":"https:\/\/diarioregionaldigital.com.br\/index.php?rest_route=%2Fwp%2Fv2%2Fcategories&post=197006"},{"taxonomy":"post_tag","embeddable":true,"href":"https:\/\/diarioregionaldigital.com.br\/index.php?rest_route=%2Fwp%2Fv2%2Ftags&post=197006"}],"curies":[{"name":"wp","href":"https:\/\/api.w.org\/{rel}","templated":true}]}}