{"id":196999,"date":"2022-03-31T20:07:07","date_gmt":"2022-03-31T23:07:07","guid":{"rendered":"https:\/\/diarioregionaldigital.com.br\/?p=196999"},"modified":"2022-03-31T20:07:07","modified_gmt":"2022-03-31T23:07:07","slug":"campanha-de-vacinacao-da-gripe-comeca-na-segunda-feira-4-4","status":"publish","type":"post","link":"https:\/\/diarioregionaldigital.com.br\/?p=196999","title":{"rendered":"Campanha de vacina\u00e7\u00e3o da gripe come\u00e7a na segunda-feira (4\/4)"},"content":{"rendered":"<p>A 24\u00aa Campanha de Vacina\u00e7\u00e3o contra a Influenza ser\u00e1 realizada, neste ano,\u00a0entre 4\/4 e 3\/6. Em Minas Gerais, a estimativa \u00e9 que 8.299.488 pessoas estejam inclu\u00eddas nos grupos priorit\u00e1rios para a vacina\u00e7\u00e3o. A imuniza\u00e7\u00e3o tem como objetivo a redu\u00e7\u00e3o das complica\u00e7\u00f5es, interna\u00e7\u00f5es e a mortalidade decorrentes das infec\u00e7\u00f5es pelo v\u00edrus da Influenza. A vacina \u00e9 gratuita e est\u00e1 dispon\u00edvel nas Unidades B\u00e1sicas de Sa\u00fade de todo o estado.<\/p>\n<p>O Minist\u00e9rio da Sa\u00fade j\u00e1 divulgou o cronograma da campanha, que ter\u00e1 duas etapas, segundo a popula\u00e7\u00e3o priorit\u00e1ria para a vacina\u00e7\u00e3o. A primeira fase vai at\u00e9 30\/4\u00a0e ser\u00e1 direcionada aos idosos com 60 anos ou mais de idade e trabalhadores da sa\u00fade. Na segunda etapa, de 2\/5 a\u00a03\/6, as doses ser\u00e3o direcionadas ao p\u00fablico infantil, gestantes e pu\u00e9rperas, ind\u00edgenas, professores, pessoas com comorbidades e deficientes permanentes, al\u00e9m das For\u00e7as Armadas, de seguran\u00e7a e salvamento, dentre outros.<\/p>\n<p>O dia D de mobiliza\u00e7\u00e3o nacional est\u00e1 marcado para 30\/4. Nesta data, as crian\u00e7as de seis\u00a0meses a menores de 5 anos de idade (4 anos, 11 meses e 29 dias) tamb\u00e9m devem ser imunizadas.<\/p>\n<p>Segundo a coordenadora estadual do Programa de Imuniza\u00e7\u00f5es da\u00a0<a href=\"http:\/\/www.saude.mg.gov.br\/\" target=\"_blank\" rel=\"noopener\">Secretaria de Estado de Sa\u00fade de Minas Gerais (SES-MG)<\/a>, Josianne Gusm\u00e3o, mesmo quem se imunizou contra Influenza em 2021 e faz parte dos grupos priorit\u00e1rios da campanha deste ano deve tomar a vacina novamente.<\/p>\n<p>\u201cA vacina Influenza trivalente utilizada pelo Sistema \u00danico de Sa\u00fade (SUS) em 2022 \u00e9 eficaz contra as cepas H1N1, H3N2 e tipo B. A vacina\u00e7\u00e3o anual previne as formas graves da doen\u00e7a, reduzindo o impacto sobre o sistema de sa\u00fade, principalmente, neste momento de pandemia que estamos enfrentando. A meta \u00e9 imunizar 90% das pessoas inclu\u00eddas nos grupos priorit\u00e1rios\u201d, afirma a coordenadora. A SES-MG j\u00e1 iniciou a distribui\u00e7\u00e3o do imunizante para as Unidades Regionais de Sa\u00fade.<\/p>\n<p>Segundo dados do Minist\u00e9rio da Sa\u00fade, em 2021 foram aplicadas 4.541.451 doses da vacina contra a influenza em Minas Gerais nos grupos priorit\u00e1rios (crian\u00e7as, trabalhadores na sa\u00fade, gestantes, pu\u00e9rperas, ind\u00edgenas e idosos). A cobertura foi de 79,2% desse p\u00fablico.<\/p>\n<p><strong>Ocorr\u00eancias em Minas<\/strong><\/p>\n<p>Em 2021 foram notificados 362 casos de S\u00edndrome Respirat\u00f3ria Aguda Grave (SRAG) por Influenza e 47 \u00f3bitos. Em 2022, at\u00e9 o momento, s\u00e3o 341 casos notificados da doen\u00e7a e 56 \u00f3bitos. A SES-MG refor\u00e7a que os dados s\u00e3o parciais e sujeitos \u00e0 altera\u00e7\u00e3o.<\/p>\n<p><u>Cronograma da 24\u00aa Campanha de Vacina\u00e7\u00e3o contra a Influenza<\/u><\/p>\n<p><strong>Primeira etapa<\/strong>\u00a0\u2013\u00a0<strong>4\u00a0a 30\/4<\/strong><\/p>\n<p>&#8211; Idosos com 60 anos ou mais;<br \/>\n&#8211; Trabalhadores da sa\u00fade;<\/p>\n<p><strong>Segunda etapa &#8211; de 2\/5 a 3\/6<\/strong><\/p>\n<p>&#8211; Crian\u00e7as (6 meses a &lt; de 5 anos);<br \/>\n&#8211; Gestantes e pu\u00e9rperas;<br \/>\n&#8211; Povos ind\u00edgenas;<br \/>\n&#8211; Professores;<br \/>\n&#8211; Pessoas com comorbidades;<br \/>\n&#8211; Pessoas com defici\u00eancia permanente;<br \/>\n&#8211; Caminhoneiros e trabalhadores de transporte coletivo rodovi\u00e1rio de passageiros urbano e de longo curso;<br \/>\n&#8211; Trabalhadores Portu\u00e1rios;<br \/>\n&#8211; For\u00e7as de seguran\u00e7a, salvamento e For\u00e7as Armadas;<br \/>\n&#8211; Popula\u00e7\u00e3o privada de liberdade e funcion\u00e1rios do sistema de priva\u00e7\u00e3o de liberdade;<br \/>\n&#8211; Adolescentes e jovens de 12 a 21 anos de idade sob medidas socioeducativas.<\/p>\n<p>Fonte: Ag\u00eancia Minas<\/p>\n","protected":false},"excerpt":{"rendered":"<p>A 24\u00aa Campanha de Vacina\u00e7\u00e3o contra a Influenza ser\u00e1 realizada, neste ano,\u00a0entre 4\/4 e 3\/6. Em Minas Gerais, a estimativa \u00e9 que 8.299.488 pessoas estejam inclu\u00eddas nos grupos priorit\u00e1rios para a vacina\u00e7\u00e3o. A imuniza\u00e7\u00e3o tem como objetivo a redu\u00e7\u00e3o das complica\u00e7\u00f5es, interna\u00e7\u00f5es e a mortalidade decorrentes das infec\u00e7\u00f5es pelo v\u00edrus da Influenza. A vacina \u00e9 [&hellip;]<\/p>\n","protected":false},"author":246,"featured_media":197000,"comment_status":"closed","ping_status":"closed","sticky":false,"template":"","format":"standard","meta":{"footnotes":""},"categories":[436,440,254,439],"tags":[],"class_list":["post-196999","post","type-post","status-publish","format-standard","has-post-thumbnail","hentry","category-destaque-da-semana","category-destaques-do-dia","category-politica","category-ultima-hora"],"_links":{"self":[{"href":"https:\/\/diarioregionaldigital.com.br\/index.php?rest_route=\/wp\/v2\/posts\/196999","targetHints":{"allow":["GET"]}}],"collection":[{"href":"https:\/\/diarioregionaldigital.com.br\/index.php?rest_route=\/wp\/v2\/posts"}],"about":[{"href":"https:\/\/diarioregionaldigital.com.br\/index.php?rest_route=\/wp\/v2\/types\/post"}],"author":[{"embeddable":true,"href":"https:\/\/diarioregionaldigital.com.br\/index.php?rest_route=\/wp\/v2\/users\/246"}],"replies":[{"embeddable":true,"href":"https:\/\/diarioregionaldigital.com.br\/index.php?rest_route=%2Fwp%2Fv2%2Fcomments&post=196999"}],"version-history":[{"count":1,"href":"https:\/\/diarioregionaldigital.com.br\/index.php?rest_route=\/wp\/v2\/posts\/196999\/revisions"}],"predecessor-version":[{"id":197001,"href":"https:\/\/diarioregionaldigital.com.br\/index.php?rest_route=\/wp\/v2\/posts\/196999\/revisions\/197001"}],"wp:featuredmedia":[{"embeddable":true,"href":"https:\/\/diarioregionaldigital.com.br\/index.php?rest_route=\/wp\/v2\/media\/197000"}],"wp:attachment":[{"href":"https:\/\/diarioregionaldigital.com.br\/index.php?rest_route=%2Fwp%2Fv2%2Fmedia&parent=196999"}],"wp:term":[{"taxonomy":"category","embeddable":true,"href":"https:\/\/diarioregionaldigital.com.br\/index.php?rest_route=%2Fwp%2Fv2%2Fcategories&post=196999"},{"taxonomy":"post_tag","embeddable":true,"href":"https:\/\/diarioregionaldigital.com.br\/index.php?rest_route=%2Fwp%2Fv2%2Ftags&post=196999"}],"curies":[{"name":"wp","href":"https:\/\/api.w.org\/{rel}","templated":true}]}}