{"id":196995,"date":"2022-03-31T20:03:05","date_gmt":"2022-03-31T23:03:05","guid":{"rendered":"https:\/\/diarioregionaldigital.com.br\/?p=196995"},"modified":"2022-03-31T20:03:05","modified_gmt":"2022-03-31T23:03:05","slug":"rendimento-real-do-trabalhador-recua-88-em-um-ano-diz-ibge","status":"publish","type":"post","link":"https:\/\/diarioregionaldigital.com.br\/?p=196995","title":{"rendered":"Rendimento real do trabalhador recua 8,8% em um ano, diz IBGE"},"content":{"rendered":"<p>O rendimento real habitual do trabalhador caiu 8,8% no trimestre encerrado em fevereiro deste ano, na compara\u00e7\u00e3o com o mesmo per\u00edodo do ano anterior. Com isso, o valor passou de R$ 2.752 em fevereiro de 2021 para R$ 2.511 um ano depois.<img decoding=\"async\" src=\"https:\/\/agenciabrasil.ebc.com.br\/ebc.png?id=1451401&amp;o=node\" \/><img decoding=\"async\" src=\"https:\/\/agenciabrasil.ebc.com.br\/ebc.gif?id=1451401&amp;o=node\" \/><\/p>\n<p>Os dados s\u00e3o da Pesquisa Nacional por Amostra de Domic\u00edlios Cont\u00ednua (PNAD Cont\u00ednua), divulgada\u00a0hoje\u00a0(31) pelo Instituto Brasileiro de Geografia e Estat\u00edstica (IBGE).<\/p>\n<p>A pesquisa tamb\u00e9m mostrou que a taxa de desemprego atingiu 11,2% no per\u00edodo e o n\u00famero de desempregados chega a 12 milh\u00f5es de pessoas.<\/p>\n<h2>Tipo de emprego<\/h2>\n<p>Os empregados com carteira assinada no setor privado aumentaram em 1,1% em rela\u00e7\u00e3o ao trimestre anterior e em 9,4% na compara\u00e7\u00e3o anual (ou seja, com o trimestre encerrado em fevereiro de 2021).<\/p>\n<p>J\u00e1 o n\u00famero de\u00a0empregados sem carteira\u00a0assinada no setor privado apresentou estabilidade em rela\u00e7\u00e3o ao trimestre anterior, mas teve alta de 18,5% no ano.<\/p>\n<p>Os trabalhadores por conta pr\u00f3pria ca\u00edram na compara\u00e7\u00e3o com o trimestre anterior (-1,9%), mas subiu na compara\u00e7\u00e3o anual (8,6%), enquanto a quantidade de trabalhadores\u00a0dom\u00e9sticos manteve estabilidade na compara\u00e7\u00e3o trimestral e subiu 20,8% no ano.<\/p>\n<p>A\u00a0taxa de informalidade\u00a0foi de 40,2% da popula\u00e7\u00e3o ocupada, ou 38,3 milh\u00f5es de trabalhadores informais. No trimestre anterior, a taxa havia sido de 40,6% e, no mesmo trimestre do ano anterior, 39,1%.<\/p>\n<p>Subutiliza\u00e7\u00e3o<\/p>\n<p>A popula\u00e7\u00e3o subutilizada, ou seja,\u00a0os que est\u00e3o desempregados, aqueles que trabalham menos do que poderiam e as pessoas que poderiam trabalhar mas n\u00e3o procuram emprego, ficou em 27,3 milh\u00f5es, 6,3% abaixo do trimestre anterior e 17,8% menor do que um ano atr\u00e1s.<\/p>\n<p>A taxa composta de subutiliza\u00e7\u00e3o foi de 23,5%, abaixo dos 25% do trimestre anterior e dos 29,2% do trimestre encerrado em fevereiro de 2021.<\/p>\n<p>A\u00a0popula\u00e7\u00e3o desalentada, ou seja, aqueles que n\u00e3o procuraram emprego por v\u00e1rios motivos, mas que gostariam de\u00a0ter\u00a0um trabalho e estavam dispon\u00edveis para trabalhar na semana de refer\u00eancia, chegou a 4,7 milh\u00f5es de pessoas. O n\u00famero manteve-se est\u00e1vel em rela\u00e7\u00e3o ao trimestre anterior e caiu 20,2% na compara\u00e7\u00e3o anual.<\/p>\n<p>O\u00a0percentual de desalentados\u00a0na for\u00e7a de trabalho ou desalentada (4,2%) registrou estabilidade frente ao trimestre anterior e queda ante o trimestre encerrado em fevereiro de 2021 (5,5%).<\/p>\n<p>J\u00e1 a\u00a0popula\u00e7\u00e3o fora da for\u00e7a de trabalho\u00a0chegou a 65,3 milh\u00f5es de pessoas, alta de 0,7% quando comparada com o trimestre anterior e queda de 5% na compara\u00e7\u00e3o anual.<\/p>\n<p>Fonte: Ag\u00eancia Brasil<\/p>\n","protected":false},"excerpt":{"rendered":"<p>O rendimento real habitual do trabalhador caiu 8,8% no trimestre encerrado em fevereiro deste ano, na compara\u00e7\u00e3o com o mesmo per\u00edodo do ano anterior. Com isso, o valor passou de R$ 2.752 em fevereiro de 2021 para R$ 2.511 um ano depois. Os dados s\u00e3o da Pesquisa Nacional por Amostra de Domic\u00edlios Cont\u00ednua (PNAD Cont\u00ednua), [&hellip;]<\/p>\n","protected":false},"author":246,"featured_media":196996,"comment_status":"closed","ping_status":"closed","sticky":false,"template":"","format":"standard","meta":{"footnotes":""},"categories":[436,261,439],"tags":[],"class_list":["post-196995","post","type-post","status-publish","format-standard","has-post-thumbnail","hentry","category-destaque-da-semana","category-economia","category-ultima-hora"],"_links":{"self":[{"href":"https:\/\/diarioregionaldigital.com.br\/index.php?rest_route=\/wp\/v2\/posts\/196995","targetHints":{"allow":["GET"]}}],"collection":[{"href":"https:\/\/diarioregionaldigital.com.br\/index.php?rest_route=\/wp\/v2\/posts"}],"about":[{"href":"https:\/\/diarioregionaldigital.com.br\/index.php?rest_route=\/wp\/v2\/types\/post"}],"author":[{"embeddable":true,"href":"https:\/\/diarioregionaldigital.com.br\/index.php?rest_route=\/wp\/v2\/users\/246"}],"replies":[{"embeddable":true,"href":"https:\/\/diarioregionaldigital.com.br\/index.php?rest_route=%2Fwp%2Fv2%2Fcomments&post=196995"}],"version-history":[{"count":2,"href":"https:\/\/diarioregionaldigital.com.br\/index.php?rest_route=\/wp\/v2\/posts\/196995\/revisions"}],"predecessor-version":[{"id":196998,"href":"https:\/\/diarioregionaldigital.com.br\/index.php?rest_route=\/wp\/v2\/posts\/196995\/revisions\/196998"}],"wp:featuredmedia":[{"embeddable":true,"href":"https:\/\/diarioregionaldigital.com.br\/index.php?rest_route=\/wp\/v2\/media\/196996"}],"wp:attachment":[{"href":"https:\/\/diarioregionaldigital.com.br\/index.php?rest_route=%2Fwp%2Fv2%2Fmedia&parent=196995"}],"wp:term":[{"taxonomy":"category","embeddable":true,"href":"https:\/\/diarioregionaldigital.com.br\/index.php?rest_route=%2Fwp%2Fv2%2Fcategories&post=196995"},{"taxonomy":"post_tag","embeddable":true,"href":"https:\/\/diarioregionaldigital.com.br\/index.php?rest_route=%2Fwp%2Fv2%2Ftags&post=196995"}],"curies":[{"name":"wp","href":"https:\/\/api.w.org\/{rel}","templated":true}]}}