{"id":196897,"date":"2022-03-29T17:15:28","date_gmt":"2022-03-29T20:15:28","guid":{"rendered":"https:\/\/diarioregionaldigital.com.br\/?p=196897"},"modified":"2022-03-29T17:15:28","modified_gmt":"2022-03-29T20:15:28","slug":"brasil-mira-titulo-inedito-na-copa-de-futebol-de-paralisados-cerebrais","status":"publish","type":"post","link":"https:\/\/diarioregionaldigital.com.br\/?p=196897","title":{"rendered":"Brasil mira t\u00edtulo in\u00e9dito na Copa de Futebol de paralisados cerebrais"},"content":{"rendered":"<p>A Copa do Mundo do Catar n\u00e3o ser\u00e1 a \u00fanica competi\u00e7\u00e3o intercontinental de futebol com participa\u00e7\u00e3o brasileira em 2022. Entre\u00a027 de abril\u00a0e\u00a016 de maio, a cidade de Salou (Espanha) recebe o Mundial de Futebol de paralisados cerebrais (PC) &#8211; que antigamente era chamado de futebol de sete paral\u00edmpico. Vice-campe\u00e3o em 2003 e 2013, o Brasil busca um t\u00edtulo in\u00e9dito.<img decoding=\"async\" src=\"https:\/\/agenciabrasil.ebc.com.br\/ebc.png?id=1450898&amp;o=node\" \/><img decoding=\"async\" src=\"https:\/\/agenciabrasil.ebc.com.br\/ebc.gif?id=1450898&amp;o=node\" \/><\/p>\n<p>&#8220;N\u00f3s sempre temos quatro sele\u00e7\u00f5es brigando: Ucr\u00e2nia, R\u00fassia, Brasil e Ir\u00e3, que \u00e9 uma equipe que sempre incomoda muito, mas existem outros times se preparando h\u00e1 muito tempo, mesmo em meio \u00e0 pandemia [da covid-19], como Estados Unidos, Argentina e Inglaterra. Ent\u00e3o, \u00e9 uma inc\u00f3gnita. Fora a prepara\u00e7\u00e3o que vem sendo feita a longo prazo, tem as renova\u00e7\u00f5es nas sele\u00e7\u00f5es, o que n\u00e3o foge ao Brasil, ent\u00e3o \u00e9 sempre uma surpresa&#8221;, afirmou o t\u00e9cnico Paulo Cabral, \u00e0\u00a0<strong>Ag\u00eancia Brasil<\/strong>.<\/p>\n<p>A sele\u00e7\u00e3o esteve reunida no Centro de Treinamento Paral\u00edmpico entre os dias 13 e\u00a023 de mar\u00e7o, para o \u00faltimo encontro antes da convoca\u00e7\u00e3o definitiva, divulgada na \u00faltima\u00a0sexta-feira (25). Dos 20 atletas que estiveram nas atividades em S\u00e3o Paulo, 14 foram chamados por Cabral.<\/p>\n<p>&#8220;Estou muito feliz, com expectativa alta. \u00c9 muito trabalho, treino, empenho, praticando o que gosto. Foi minha primeira convoca\u00e7\u00e3o. Muitas pessoas n\u00e3o conhecem o futebol de PC, ent\u00e3o [disputar] uma Copa \u00e9 muito significativo, pois Deus fez o mundo n\u00e3o s\u00f3 para o convencional, mas para pessoas com defici\u00eancia tamb\u00e9m&#8221;, comemorou \u00c2ngelo Matheus, um dos convocados para o Mundial, que nasceu com paralisia cerebral, devido \u00e0 falta de oxigena\u00e7\u00e3o no parto.<\/p>\n<p>No sorteio das chaves, o Brasil caiu no\u00a0Grupo B\u00a0ao lado de Irlanda, Tail\u00e2ndia e Alemanha. Dos quatro favoritos apontados pelo treinador, somente a R\u00fassia, atual campe\u00e3, est\u00e1 fora da Copa, suspensa pela Federa\u00e7\u00e3o Internacional de Futebol de Paralisados Cerebrais (IFCPF, na sigla em ingl\u00eas)\u00a0devido \u00e0 a\u00e7\u00e3o militar na Ucr\u00e2nia &#8211; que, ali\u00e1s, \u00e9 o pa\u00eds mais vencedor da modalidade, com seis t\u00edtulos mundiais.<\/p>\n<p>Na \u00faltima edi\u00e7\u00e3o, em 2019, tamb\u00e9m disputada na Espanha, mas em Sevilha, os brasileiros ficaram na terceira posi\u00e7\u00e3o, repetindo as campanhas de 1998, 2001 e 2015. Oito jogadores chamados para o Mundial de Salou fizeram parte da equipe nacional h\u00e1 tr\u00eas anos.<\/p>\n<p>&#8220;Foi uma experi\u00eancia muito emocionante. Uma batalha com o Ir\u00e3 [nas quartas de final, com vit\u00f3ria brasileira por 2 a 1, na prorroga\u00e7\u00e3o], mas nossa equipe veio fechadinha e conseguiu conquistar o terceiro lugar. O objetivo desta vez \u00e9 melhorarmos e subirmos no primeiro lugar do p\u00f3dio&#8221;, destacou Jefferson Aparecido, remanescente da campanha anterior, que tem ataxia, um tipo de paralisia que afeta movimentos, audi\u00e7\u00e3o e voz.<\/p>\n<p>A convoca\u00e7\u00e3o re\u00fane, na maioria, jogadores dos dois finalistas do Campeonato Brasileiro da modalidade, realizado em fevereiro. Cinco atletas s\u00e3o do Centro Arco-\u00cdris de Reabilita\u00e7\u00e3o Alternativa (Ca\u00edra), de Campo Grande, que ficou com o t\u00edtulo. Outros quatro defendem o vice-campe\u00e3o Vasco. Entre eles, o experiente Bira Magalh\u00e3es, um dos veteranos da equipe que estar\u00e1 na Espanha, com sete anos de sele\u00e7\u00e3o.<\/p>\n<p>&#8220;Acho que o diferencial do grupo \u00e9 a uni\u00e3o. Temos conversado bastante, um apoiando o outro. Todos se entregando e dando o melhor. Cada um \u00e9 capit\u00e3o de alguma forma, sendo exemplo pela dedica\u00e7\u00e3o em campo e fora, quando n\u00e3o est\u00e1 na fase de treinamento com a sele\u00e7\u00e3o&#8221;, disse Bira, cuja paralisia cerebral afeta o lado direito do corpo.<\/p>\n<h2>A modalidade<\/h2>\n<p>No futebol de PC, os atletas s\u00e3o divididos em tr\u00eas classes: FT1, FT2 e FT3. Na FT1, est\u00e3o aqueles com maior comprometimento. Cada equipe, obrigatoriamente, precisa\u00a0ter\u00a0ao menos um deles entre os sete titulares. A FT3 re\u00fane os jogadores com menor grau de paralisia. Somente um pode estar no gramado em cada time.<\/p>\n<p>As regras s\u00e3o semelhantes \u00e0 do futebol convencional. As diferen\u00e7as est\u00e3o no n\u00famero de jogadores por equipe (sete), na dura\u00e7\u00e3o (30 minutos cada tempo), no tamanho do campo (70 metros por 50 metros) e da baliza (dois metros por cinco metros), na aus\u00eancia do impedimento e na cobran\u00e7\u00e3 de lateral (pode ser feita com uma das m\u00e3os).<\/p>\n<p>A modalidade integrou o programa da Paralimp\u00edada entre 1984 e 2016. O Brasil foi tr\u00eas vezes ao p\u00f3dio, com uma prata (2004) e dois bronzes (2000 e 2016). O futebol de PC (assim como a vela) ficou fora das\u00a0edi\u00e7\u00f5es de 2021 e 2024, dando lugar ao parataekwondo e ao parabadminton. O Comit\u00ea Paral\u00edmpico Internacional (IPC) argumentou, \u00e0 ocasi\u00e3o, que\u00a0o\u00a0esporte n\u00e3o teria\u00a0o alcance exigido: ser praticado em pelo menos 24 pa\u00edses e tr\u00eas regi\u00f5es do planeta.<\/p>\n<p>&#8220;Fica um pouco dif\u00edcil. A gente sempre tenta orientar aos atletas que n\u00e3o desistam, que h\u00e1 possibilidade de volta. A luta \u00e9 essa. A gente busca motivar os atletas da melhor forma poss\u00edvel, para que tenham foco&#8221;, comentou Marcos Ferreira, o Marc\u00e3o, preparador de goleiros da sele\u00e7\u00e3o e que representou o Brasil como arqueiro em seis Paralimp\u00edadas.<\/p>\n<p>A torcida \u00e9 pelo retorno aos Jogos em 2028, na edi\u00e7\u00e3o de Los Angeles (Estados Unidos). At\u00e9 l\u00e1, al\u00e9m da Copas do Mundo, o planejamento brasileiro envolve outras duas competi\u00e7\u00f5es: a Copa Am\u00e9rica e os Jogos Parapan-Americanos. O Brasil \u00e9 o atual campe\u00e3o em ambos, sendo que, no Parapan, a sele\u00e7\u00e3o foi medalhista de ouro nas tr\u00eas vezes em que a modalidade foi disputada (2007, 2015 e 2019). Em Santiago (Chile), no ano que vem, a sele\u00e7\u00e3o buscar\u00e1 o tetracampeonato.<\/p>\n<p>Fonte: Ag\u00eancia Brasil<\/p>\n","protected":false},"excerpt":{"rendered":"<p>A Copa do Mundo do Catar n\u00e3o ser\u00e1 a \u00fanica competi\u00e7\u00e3o intercontinental de futebol com participa\u00e7\u00e3o brasileira em 2022. Entre\u00a027 de abril\u00a0e\u00a016 de maio, a cidade de Salou (Espanha) recebe o Mundial de Futebol de paralisados cerebrais (PC) &#8211; que antigamente era chamado de futebol de sete paral\u00edmpico. Vice-campe\u00e3o em 2003 e 2013, o Brasil [&hellip;]<\/p>\n","protected":false},"author":246,"featured_media":196898,"comment_status":"closed","ping_status":"closed","sticky":false,"template":"","format":"standard","meta":{"footnotes":""},"categories":[436,257,439],"tags":[],"class_list":["post-196897","post","type-post","status-publish","format-standard","has-post-thumbnail","hentry","category-destaque-da-semana","category-esporte","category-ultima-hora"],"_links":{"self":[{"href":"https:\/\/diarioregionaldigital.com.br\/index.php?rest_route=\/wp\/v2\/posts\/196897","targetHints":{"allow":["GET"]}}],"collection":[{"href":"https:\/\/diarioregionaldigital.com.br\/index.php?rest_route=\/wp\/v2\/posts"}],"about":[{"href":"https:\/\/diarioregionaldigital.com.br\/index.php?rest_route=\/wp\/v2\/types\/post"}],"author":[{"embeddable":true,"href":"https:\/\/diarioregionaldigital.com.br\/index.php?rest_route=\/wp\/v2\/users\/246"}],"replies":[{"embeddable":true,"href":"https:\/\/diarioregionaldigital.com.br\/index.php?rest_route=%2Fwp%2Fv2%2Fcomments&post=196897"}],"version-history":[{"count":1,"href":"https:\/\/diarioregionaldigital.com.br\/index.php?rest_route=\/wp\/v2\/posts\/196897\/revisions"}],"predecessor-version":[{"id":196899,"href":"https:\/\/diarioregionaldigital.com.br\/index.php?rest_route=\/wp\/v2\/posts\/196897\/revisions\/196899"}],"wp:featuredmedia":[{"embeddable":true,"href":"https:\/\/diarioregionaldigital.com.br\/index.php?rest_route=\/wp\/v2\/media\/196898"}],"wp:attachment":[{"href":"https:\/\/diarioregionaldigital.com.br\/index.php?rest_route=%2Fwp%2Fv2%2Fmedia&parent=196897"}],"wp:term":[{"taxonomy":"category","embeddable":true,"href":"https:\/\/diarioregionaldigital.com.br\/index.php?rest_route=%2Fwp%2Fv2%2Fcategories&post=196897"},{"taxonomy":"post_tag","embeddable":true,"href":"https:\/\/diarioregionaldigital.com.br\/index.php?rest_route=%2Fwp%2Fv2%2Ftags&post=196897"}],"curies":[{"name":"wp","href":"https:\/\/api.w.org\/{rel}","templated":true}]}}