{"id":196894,"date":"2022-03-29T17:13:20","date_gmt":"2022-03-29T20:13:20","guid":{"rendered":"https:\/\/diarioregionaldigital.com.br\/?p=196894"},"modified":"2022-03-29T17:13:20","modified_gmt":"2022-03-29T20:13:20","slug":"dorival-junior-e-o-novo-tecnico-do-ceara","status":"publish","type":"post","link":"https:\/\/diarioregionaldigital.com.br\/?p=196894","title":{"rendered":"Dorival J\u00fanior \u00e9 o novo t\u00e9cnico do Cear\u00e1"},"content":{"rendered":"<p>O Cear\u00e1 anunciou nesta segunda-feira (28) o acerto com o t\u00e9cnico Dorival J\u00fanior para o lugar de Tiago Nunes, que deixou a equipe na \u00faltima sexta-feira (25) ap\u00f3s a elimina\u00e7\u00e3o da equipe da Copa do Nordeste.<img decoding=\"async\" src=\"https:\/\/agenciabrasil.ebc.com.br\/ebc.png?id=1450841&amp;o=node\" \/><img decoding=\"async\" src=\"https:\/\/agenciabrasil.ebc.com.br\/ebc.gif?id=1450841&amp;o=node\" \/><\/p>\n<p>Os principais desafios de Dorival no comando do Voz\u00e3o no decorrer da temporada 2022 s\u00e3o a disputa da Copa Sul-Americana, da Copa do Brasil e da S\u00e9rie A do Campeonato Brasileiro.<\/p>\n<p>Muito experiente, o treinador teve como \u00faltimo trabalho o Athletico-PR, equipe pela qual conquistou a edi\u00e7\u00e3o 2020 do Campeonato Paranaense.<\/p>\n<p>Fonte: Ag\u00eancia Brasil<\/p>\n","protected":false},"excerpt":{"rendered":"<p>O Cear\u00e1 anunciou nesta segunda-feira (28) o acerto com o t\u00e9cnico Dorival J\u00fanior para o lugar de Tiago Nunes, que deixou a equipe na \u00faltima sexta-feira (25) ap\u00f3s a elimina\u00e7\u00e3o da equipe da Copa do Nordeste. Os principais desafios de Dorival no comando do Voz\u00e3o no decorrer da temporada 2022 s\u00e3o a disputa da Copa [&hellip;]<\/p>\n","protected":false},"author":246,"featured_media":196895,"comment_status":"closed","ping_status":"closed","sticky":false,"template":"","format":"standard","meta":{"footnotes":""},"categories":[436,257,439],"tags":[],"class_list":["post-196894","post","type-post","status-publish","format-standard","has-post-thumbnail","hentry","category-destaque-da-semana","category-esporte","category-ultima-hora"],"_links":{"self":[{"href":"https:\/\/diarioregionaldigital.com.br\/index.php?rest_route=\/wp\/v2\/posts\/196894","targetHints":{"allow":["GET"]}}],"collection":[{"href":"https:\/\/diarioregionaldigital.com.br\/index.php?rest_route=\/wp\/v2\/posts"}],"about":[{"href":"https:\/\/diarioregionaldigital.com.br\/index.php?rest_route=\/wp\/v2\/types\/post"}],"author":[{"embeddable":true,"href":"https:\/\/diarioregionaldigital.com.br\/index.php?rest_route=\/wp\/v2\/users\/246"}],"replies":[{"embeddable":true,"href":"https:\/\/diarioregionaldigital.com.br\/index.php?rest_route=%2Fwp%2Fv2%2Fcomments&post=196894"}],"version-history":[{"count":1,"href":"https:\/\/diarioregionaldigital.com.br\/index.php?rest_route=\/wp\/v2\/posts\/196894\/revisions"}],"predecessor-version":[{"id":196896,"href":"https:\/\/diarioregionaldigital.com.br\/index.php?rest_route=\/wp\/v2\/posts\/196894\/revisions\/196896"}],"wp:featuredmedia":[{"embeddable":true,"href":"https:\/\/diarioregionaldigital.com.br\/index.php?rest_route=\/wp\/v2\/media\/196895"}],"wp:attachment":[{"href":"https:\/\/diarioregionaldigital.com.br\/index.php?rest_route=%2Fwp%2Fv2%2Fmedia&parent=196894"}],"wp:term":[{"taxonomy":"category","embeddable":true,"href":"https:\/\/diarioregionaldigital.com.br\/index.php?rest_route=%2Fwp%2Fv2%2Fcategories&post=196894"},{"taxonomy":"post_tag","embeddable":true,"href":"https:\/\/diarioregionaldigital.com.br\/index.php?rest_route=%2Fwp%2Fv2%2Ftags&post=196894"}],"curies":[{"name":"wp","href":"https:\/\/api.w.org\/{rel}","templated":true}]}}