{"id":196876,"date":"2022-03-29T17:02:08","date_gmt":"2022-03-29T20:02:08","guid":{"rendered":"https:\/\/diarioregionaldigital.com.br\/?p=196876"},"modified":"2022-03-29T17:02:08","modified_gmt":"2022-03-29T20:02:08","slug":"alfenas-e-a-primeira-cidade-do-estado-certificada-com-o-selo-prevencao-minas","status":"publish","type":"post","link":"https:\/\/diarioregionaldigital.com.br\/?p=196876","title":{"rendered":"Alfenas \u00e9 a primeira cidade do estado certificada com o Selo Preven\u00e7\u00e3o Minas"},"content":{"rendered":"<p>Alfenas foi certificada, nesta ter\u00e7a-feira (29\/3), como o primeiro munic\u00edpio de MG\u00a0a receber e a completar o ciclo do Programa Selo Preven\u00e7\u00e3o Minas. Localizada no Sul do estado, Alfenas foi acompanhada ao longo de dois anos pela equipe t\u00e9cnica da Subsecretaria de Preven\u00e7\u00e3o \u00e0 Criminalidade, \u00e1rea pertencente \u00e0\u00a0<a href=\"http:\/\/www.seguranca.mg.gov.br\/\" target=\"_blank\" rel=\"noopener\">Secretaria de Estado de Justi\u00e7a e Seguran\u00e7a P\u00fablica (Sejusp)<\/a>, com o objetivo de que fossem tra\u00e7adas as din\u00e2micas criminais do munic\u00edpio e elaborado um diagn\u00f3stico detalhado das especificidades do cen\u00e1rio da criminalidade local para que, ent\u00e3o, fossem qualificadas as a\u00e7\u00f5es de preven\u00e7\u00e3o para evitar que o crime aconte\u00e7a.<\/p>\n<p>Desde o in\u00edcio das atividades do Programa em Alfenas, em novembro de 2019,\u00a0diversas a\u00e7\u00f5es foram realizadas no munic\u00edpio, como: a institui\u00e7\u00e3o de uma comiss\u00e3o municipal de preven\u00e7\u00e3o \u00e0 criminalidade; o fortalecimento da rede de prote\u00e7\u00e3o \u00e0s mulheres; o desenvolvimento de um diagn\u00f3stico de seguran\u00e7a p\u00fablica local e o lan\u00e7amento do Plano Municipal de Preven\u00e7\u00e3o \u00e0 Criminalidade de Alfenas. Esse plano foi desenvolvido coletivamente, por meio de parceria com as diversas institui\u00e7\u00f5es locais e a sociedade civil e ter\u00e1 vig\u00eancia de dez anos. \u00c9 um marco na hist\u00f3ria da preven\u00e7\u00e3o social \u00e0 criminalidade de Alfenas e vem sendo implementado pela Secretaria Municipal de Defesa Social.<\/p>\n<p>\u201cEra preciso ter clareza de quais problemas de seguran\u00e7a p\u00fablica est\u00e1vamos tratando. Fizemos um diagn\u00f3stico que nos apontou possibilidades de trabalho. Hoje, o Plano de Preven\u00e7\u00e3o \u00e0 Criminalidade de Alfenas \u00e9 uma realidade. Ele foi aprovado, \u00e9 uma lei a ser trabalhada, perseguida, e um fim a ser alcan\u00e7ado pelo munic\u00edpio. Isso tudo foi feito juntamente com a comunidade civil. N\u00e3o se faz pol\u00edtica p\u00fablica de cima pra baixo. A gente faz junto\u201d, ressaltou a subsecret\u00e1ria interina de Preven\u00e7\u00e3o \u00e0 Criminalidade, Fl\u00e1via Mendes, durante a solenidade.<\/p>\n<p>Tamb\u00e9m presente, o prefeito de Alfenas, Luiz Ant\u00f4nio Silva, recebeu com orgulho a certifrica\u00e7\u00e3o estadual. \u201cN\u00e3o se combate viol\u00eancia com emo\u00e7\u00f5es e, sim, racionalmente\u201d, pontuou. &#8220;O selo vem ao encontro do que penso. Estamos vivendo o melhor momento da seguran\u00e7a da nossa cidade. Os \u00edndices de criminalidade que temos hoje s\u00e3o resultado\u00a0de um trabalho s\u00e9rio como este, realizado com a ajuda do Estado. A\u00e7\u00e3o de seguran\u00e7a \u00e9 di\u00e1ria; feita todos os dias. Vamos reunir os programas que temos com o estado e vamos unific\u00e1-los para potencializar ainda mais o que estamos fazendo\u201d, concluiu.<\/p>\n<p><strong>Selo Preven\u00e7\u00e3o Minas\u00a0<\/strong><\/p>\n<p>O Selo Preven\u00e7\u00e3o Minas atua como uma esp\u00e9cie de consultoria qualificada para munic\u00edpios, ajudando no diagn\u00f3stico das especificidades do cen\u00e1rio da criminalidade local e propondo a\u00e7\u00f5es de preven\u00e7\u00e3o. \u00c9 uma estrat\u00e9gia de capilariza\u00e7\u00e3o de atividades e a\u00e7\u00f5es de preven\u00e7\u00e3o em todo o estado. Uma forma de se pensar junto com a sociedade, por meio de uma comiss\u00e3o de preven\u00e7\u00e3o \u00e0 criminalidade, a\u00e7\u00f5es que possam enfrentar, combater e prevenir a criminalidade, de acordo com a necessidade de cada munic\u00edpio.<\/p>\n<p>&#8211; Confira,\u00a0<a href=\"https:\/\/www.youtube.com\/watch?v=RAhDlO44BuE&amp;feature=youtu.be\" target=\"_blank\" rel=\"noopener\">neste link<\/a>, o v\u00eddeo explicativo sobre todo o processo de execu\u00e7\u00e3o do programa no munic\u00edpio de Alfenas.<\/p>\n<p>Fonte: Ag\u00eancia Minas<\/p>\n","protected":false},"excerpt":{"rendered":"<p>Alfenas foi certificada, nesta ter\u00e7a-feira (29\/3), como o primeiro munic\u00edpio de MG\u00a0a receber e a completar o ciclo do Programa Selo Preven\u00e7\u00e3o Minas. Localizada no Sul do estado, Alfenas foi acompanhada ao longo de dois anos pela equipe t\u00e9cnica da Subsecretaria de Preven\u00e7\u00e3o \u00e0 Criminalidade, \u00e1rea pertencente \u00e0\u00a0Secretaria de Estado de Justi\u00e7a e Seguran\u00e7a P\u00fablica [&hellip;]<\/p>\n","protected":false},"author":246,"featured_media":196877,"comment_status":"closed","ping_status":"closed","sticky":false,"template":"","format":"standard","meta":{"footnotes":""},"categories":[436,254,439],"tags":[],"class_list":["post-196876","post","type-post","status-publish","format-standard","has-post-thumbnail","hentry","category-destaque-da-semana","category-politica","category-ultima-hora"],"_links":{"self":[{"href":"https:\/\/diarioregionaldigital.com.br\/index.php?rest_route=\/wp\/v2\/posts\/196876","targetHints":{"allow":["GET"]}}],"collection":[{"href":"https:\/\/diarioregionaldigital.com.br\/index.php?rest_route=\/wp\/v2\/posts"}],"about":[{"href":"https:\/\/diarioregionaldigital.com.br\/index.php?rest_route=\/wp\/v2\/types\/post"}],"author":[{"embeddable":true,"href":"https:\/\/diarioregionaldigital.com.br\/index.php?rest_route=\/wp\/v2\/users\/246"}],"replies":[{"embeddable":true,"href":"https:\/\/diarioregionaldigital.com.br\/index.php?rest_route=%2Fwp%2Fv2%2Fcomments&post=196876"}],"version-history":[{"count":2,"href":"https:\/\/diarioregionaldigital.com.br\/index.php?rest_route=\/wp\/v2\/posts\/196876\/revisions"}],"predecessor-version":[{"id":196879,"href":"https:\/\/diarioregionaldigital.com.br\/index.php?rest_route=\/wp\/v2\/posts\/196876\/revisions\/196879"}],"wp:featuredmedia":[{"embeddable":true,"href":"https:\/\/diarioregionaldigital.com.br\/index.php?rest_route=\/wp\/v2\/media\/196877"}],"wp:attachment":[{"href":"https:\/\/diarioregionaldigital.com.br\/index.php?rest_route=%2Fwp%2Fv2%2Fmedia&parent=196876"}],"wp:term":[{"taxonomy":"category","embeddable":true,"href":"https:\/\/diarioregionaldigital.com.br\/index.php?rest_route=%2Fwp%2Fv2%2Fcategories&post=196876"},{"taxonomy":"post_tag","embeddable":true,"href":"https:\/\/diarioregionaldigital.com.br\/index.php?rest_route=%2Fwp%2Fv2%2Ftags&post=196876"}],"curies":[{"name":"wp","href":"https:\/\/api.w.org\/{rel}","templated":true}]}}