{"id":196869,"date":"2022-03-29T16:51:55","date_gmt":"2022-03-29T19:51:55","guid":{"rendered":"https:\/\/diarioregionaldigital.com.br\/?p=196869"},"modified":"2022-03-29T16:51:55","modified_gmt":"2022-03-29T19:51:55","slug":"caged-brasil-cria-328-mil-empregos-com-carteira-assinada-em-fevereiro","status":"publish","type":"post","link":"https:\/\/diarioregionaldigital.com.br\/?p=196869","title":{"rendered":"Caged: Brasil cria 328 mil empregos com carteira assinada em fevereiro"},"content":{"rendered":"<p>O Brasil fechou o m\u00eas de fevereiro de 2022 com a cria\u00e7\u00e3o de 328.507 empregos formais, segundo balan\u00e7o do Cadastro Geral de Empregados e Desempregados (Novo Caged), apresentado hoje (29) pelo Minist\u00e9rio do Trabalho e Previd\u00eancia.<img decoding=\"async\" src=\"https:\/\/agenciabrasil.ebc.com.br\/ebc.png?id=1450931&amp;o=node\" \/><img decoding=\"async\" src=\"https:\/\/agenciabrasil.ebc.com.br\/ebc.gif?id=1450931&amp;o=node\" \/><\/p>\n<p>O saldo de fevereiro foi resultado de 2,013 milh\u00f5es de contrata\u00e7\u00f5es e 1,685 milh\u00e3o de desligamentos. Segundo a pasta foi o melhor resultado para o m\u00eas da s\u00e9rie iniciada em 2010, perdendo apenas para 2021, quando o saldo foi de 397.915 postos.<\/p>\n<p>De acordo com o secret\u00e1rio executivo do minist\u00e9rio, Bruno Dalcolmo, esta foi a primeira vez que o total mensal de admiss\u00f5es superou 2 milh\u00f5es de vagas, considerando a s\u00e9rie com declara\u00e7\u00f5es feitas dentro do prazo. O secret\u00e1rio, entretanto, destacou que o resultado n\u00e3o pode ser considerado estrutural e que a tend\u00eancia \u00e9 de redu\u00e7\u00e3o nas contrata\u00e7\u00f5es.<\/p>\n<p>\u201cO que vemos aqui em fevereiro de 2022 do ponto de vista das admiss\u00f5es \u00e9 algo importante a ser notado. Pela primeira vez estamos acima de 2 milh\u00f5es de contrata\u00e7\u00f5es. \u00c9 claro que n\u00e3o \u00e9 poss\u00edvel se afirmar que \u00e9 algo estrutural e que permanecer\u00e1 nesse patamar\u201d, disse. \u201cTemos j\u00e1 registrado que \u00e9 natural que se espere alguma desacelera\u00e7\u00e3o com rela\u00e7\u00e3o ao n\u00edvel de contrata\u00e7\u00e3o do ano passado. \u00c9 um processo natural, as empresas n\u00e3o continuar\u00e3o contratando naquele ritmo do ano passado para sempre\u201d, acrescentou.<\/p>\n<p>Os n\u00fameros mostram que, no m\u00eas de fevereiro, os cinco grupamentos de atividade econ\u00f4mica apresentaram saldo positivo, com destaque para o setor de servi\u00e7os, com gera\u00e7\u00e3o de 215.421 novos postos com carteira assinada, distribu\u00eddos principalmente nas atividades de administra\u00e7\u00e3o p\u00fablica, defesa e seguridade social, educa\u00e7\u00e3o, sa\u00fade humana e servi\u00e7os sociais.<\/p>\n<p>A ind\u00fastria geral fechou o m\u00eas com 43 mil novos postos, concentrados especialmente na ind\u00fastria de transforma\u00e7\u00e3o, que gerou 38.575 postos. A constru\u00e7\u00e3o fechou o m\u00eas com 39.453 novos empregos. Na sequ\u00eancia v\u00eam a agricultura, pecu\u00e1ria, produ\u00e7\u00e3o florestal, pesca e aquicultura que gerou 17.415 postos; e o com\u00e9rcio, com 13.219 postos.<\/p>\n<p>Com o resultado de fevereiro, o estoque de empregos formais ativos ficou em 41.157.217 v\u00ednculos, uma varia\u00e7\u00e3o positiva de 0,8% em rela\u00e7\u00e3o ao estoque do m\u00eas anterior. No acumulado de 2022, foi saldo registrado \u00e9 de 478.862 empregos com carteira assinada, decorrente de 3.818.888 admiss\u00f5es e de 3.340.026 desligamentos.<\/p>\n<h2>Sal\u00e1rio<\/h2>\n<p>Os dados do novo Caged mostram ainda que o sal\u00e1rio m\u00e9dio de admiss\u00e3o em fevereiro de 2022 foi de R$ 1.878,66. O valor \u00e9 menor que o registrado em janeiro, com um decr\u00e9scimo de R$ 61,14, o que equivale a uma varia\u00e7\u00e3o de -3,15%.<\/p>\n<h2>Trabalho intermitente<\/h2>\n<p>Em fevereiro, o novo Caged registrou 25.396 admiss\u00f5es e 16.568 desligamentos na modalidade de trabalho intermitente, gerando saldo de 8.828 empregos.<\/p>\n<p>Foram 5.287 estabelecimentos contratantes e 36 empregados celebraram mais de um contrato na condi\u00e7\u00e3o de trabalhador intermitente.<\/p>\n<p>\u201cDo ponto de vista das atividades econ\u00f4micas, o saldo de emprego na modalidade de trabalho intermitente distribuiu-se por: servi\u00e7os (6.906 postos), constru\u00e7\u00e3o (1.115 postos), ind\u00fastria geral (422 postos), agropecu\u00e1ria (207 postos) e com\u00e9rcio (178 postos)\u201d, informou a pasta.<\/p>\n<p>Em rela\u00e7\u00e3o ao trabalho em regime de tempo parcial, foram registradas 26.104 admiss\u00f5es e 16.586 desligamentos, um saldo de 9.518 empregos. Foram registrados 9.493 estabelecimentos contratantes e 158 empregados celebraram mais de um contrato em regime de tempo parcial.<\/p>\n<p>O saldo de emprego em regime de tempo parcial ficou assim distribu\u00eddo por setor: servi\u00e7os (5.615 postos), ind\u00fastria geral (2.286 postos), com\u00e9rcio (1.167 postos), constru\u00e7\u00e3o (241 postos) e Agropecu\u00e1ria (209 postos).<\/p>\n<h2>Regi\u00f5es<\/h2>\n<p>Em fevereiro, 25 das 27 unidades da Federa\u00e7\u00e3o fecharam o m\u00eas com saldo positivo de empregos. Os destaques foram: S\u00e3o Paulo, com 98.262 postos; Minas Gerais, com 36.677 novos postos; e Paran\u00e1, com 28.506 postos.<\/p>\n<p>Os estados com menor saldo registrado foram o Amap\u00e1, que apresentou um saldo positivo de 158 postos; seguido de Alagoas e Para\u00edba que apresentaram saldo negativo, ou seja, fecharam 600 postos e 1.451 postos, respectivamente.<\/p>\n<p>Entre as regi\u00f5es, a Sudeste fechou fevereiro com 162.442 novos postos. Na sequ\u00eancia vem o Sul, com 82.898 postos de trabalho; Centro-Oeste, 40.930 postos; Nordeste, com 28.085 postos; e a Regi\u00e3o Norte, com 12.727 postos.<\/p>\n<p>Fonte: Ag\u00eancia Brasil<\/p>\n","protected":false},"excerpt":{"rendered":"<p>O Brasil fechou o m\u00eas de fevereiro de 2022 com a cria\u00e7\u00e3o de 328.507 empregos formais, segundo balan\u00e7o do Cadastro Geral de Empregados e Desempregados (Novo Caged), apresentado hoje (29) pelo Minist\u00e9rio do Trabalho e Previd\u00eancia. O saldo de fevereiro foi resultado de 2,013 milh\u00f5es de contrata\u00e7\u00f5es e 1,685 milh\u00e3o de desligamentos. Segundo a pasta [&hellip;]<\/p>\n","protected":false},"author":246,"featured_media":196870,"comment_status":"closed","ping_status":"closed","sticky":false,"template":"","format":"standard","meta":{"footnotes":""},"categories":[436,261,439],"tags":[],"class_list":["post-196869","post","type-post","status-publish","format-standard","has-post-thumbnail","hentry","category-destaque-da-semana","category-economia","category-ultima-hora"],"_links":{"self":[{"href":"https:\/\/diarioregionaldigital.com.br\/index.php?rest_route=\/wp\/v2\/posts\/196869","targetHints":{"allow":["GET"]}}],"collection":[{"href":"https:\/\/diarioregionaldigital.com.br\/index.php?rest_route=\/wp\/v2\/posts"}],"about":[{"href":"https:\/\/diarioregionaldigital.com.br\/index.php?rest_route=\/wp\/v2\/types\/post"}],"author":[{"embeddable":true,"href":"https:\/\/diarioregionaldigital.com.br\/index.php?rest_route=\/wp\/v2\/users\/246"}],"replies":[{"embeddable":true,"href":"https:\/\/diarioregionaldigital.com.br\/index.php?rest_route=%2Fwp%2Fv2%2Fcomments&post=196869"}],"version-history":[{"count":1,"href":"https:\/\/diarioregionaldigital.com.br\/index.php?rest_route=\/wp\/v2\/posts\/196869\/revisions"}],"predecessor-version":[{"id":196871,"href":"https:\/\/diarioregionaldigital.com.br\/index.php?rest_route=\/wp\/v2\/posts\/196869\/revisions\/196871"}],"wp:featuredmedia":[{"embeddable":true,"href":"https:\/\/diarioregionaldigital.com.br\/index.php?rest_route=\/wp\/v2\/media\/196870"}],"wp:attachment":[{"href":"https:\/\/diarioregionaldigital.com.br\/index.php?rest_route=%2Fwp%2Fv2%2Fmedia&parent=196869"}],"wp:term":[{"taxonomy":"category","embeddable":true,"href":"https:\/\/diarioregionaldigital.com.br\/index.php?rest_route=%2Fwp%2Fv2%2Fcategories&post=196869"},{"taxonomy":"post_tag","embeddable":true,"href":"https:\/\/diarioregionaldigital.com.br\/index.php?rest_route=%2Fwp%2Fv2%2Ftags&post=196869"}],"curies":[{"name":"wp","href":"https:\/\/api.w.org\/{rel}","templated":true}]}}