{"id":196859,"date":"2022-03-29T16:42:20","date_gmt":"2022-03-29T19:42:20","guid":{"rendered":"https:\/\/diarioregionaldigital.com.br\/?p=196859"},"modified":"2022-03-29T16:42:20","modified_gmt":"2022-03-29T19:42:20","slug":"caixa-mais-de-15-milhao-de-pessoas-ja-solicitaram-novo-microcredito","status":"publish","type":"post","link":"https:\/\/diarioregionaldigital.com.br\/?p=196859","title":{"rendered":"Caixa: mais de 1,5 milh\u00e3o de pessoas j\u00e1 solicitaram novo microcr\u00e9dito"},"content":{"rendered":"<p>Em entrevista ao programa A Voz do Brasil, o presidente da Caixa, Pedro Guimar\u00e3es, informou hoje (28) que mais de 1,5 milh\u00e3o de pessoas j\u00e1 solicitaram o\u00a0<a href=\"http:\/\/agenciabrasil.ebc.com.br\/economia\/noticia\/2022-03\/caixa-lanca-credito-caixa-tem-sim-digital\" target=\"_blank\" rel=\"noopener\">novo microcr\u00e9dito anunciado mais cedo pelo banco<\/a>.<img decoding=\"async\" src=\"https:\/\/agenciabrasil.ebc.com.br\/ebc.png?id=1450822&amp;o=node\" \/><img decoding=\"async\" src=\"https:\/\/agenciabrasil.ebc.com.br\/ebc.gif?id=1450822&amp;o=node\" \/><\/p>\n<p>Com ofertas entre R$ 300 e mil reais para pessoas f\u00edsicas e R$ 1,5 mil a R$ 3 mil para microempreendedores individuais (MEIs), a linha pode ser solicitada diretamente por aplicativo ou pelas ag\u00eancias da Caixa.<\/p>\n<p>Para realizar a opera\u00e7\u00e3o, o usu\u00e1rio do aplicativo Caixa Tem dever\u00e1 atualizar a vers\u00e3o do programa por quest\u00f5es de seguran\u00e7a, informou Guimar\u00e3es. A solicita\u00e7\u00e3o de cr\u00e9dito atualmente encontra-se em destaque, logo na primeira tela do Caixa Tem.<\/p>\n<p>\u201cEstamos impressionados. Esperamos 5 milh\u00f5es de pessoas, mas nessa velocidade que tivemos hoje, em alguns dias j\u00e1 teremos um n\u00famero superior. Lembrando que h\u00e1 necessidade de an\u00e1lise de cr\u00e9dito de 10 dias\u201d, informou.<\/p>\n<p>Guimar\u00e3es esclareceu, ainda, que mesmo pessoas com cadastro negativado em \u00f3rg\u00e3os de prote\u00e7\u00e3o ao cr\u00e9dito podem solicitar a linha especial.<\/p>\n<h2>Casa pr\u00f3pria<\/h2>\n<p>O presidente da Caixa tamb\u00e9m falou sobre novas medidas de cr\u00e9dito imobili\u00e1rio para pessoas com defici\u00eancia. A Caixa oferece financiamentos para esse grupo de 4,5% ao ano + taxa referencial (TR), com renda m\u00ednima de R$ 3 mil ao m\u00eas. Pedro Guimar\u00e3es explicou que, al\u00e9m da aquisi\u00e7\u00e3o, o cr\u00e9dito tamb\u00e9m pode ser utilizado para reformas e remodela\u00e7\u00f5es de im\u00f3veis j\u00e1 adquiridos. Para esta modalidade de financiamento, o valor m\u00e1ximo \u00e9 de R$ 50 mil.<\/p>\n<p>Fonte: Ag\u00eancia Brasil<\/p>\n","protected":false},"excerpt":{"rendered":"<p>Em entrevista ao programa A Voz do Brasil, o presidente da Caixa, Pedro Guimar\u00e3es, informou hoje (28) que mais de 1,5 milh\u00e3o de pessoas j\u00e1 solicitaram o\u00a0novo microcr\u00e9dito anunciado mais cedo pelo banco. Com ofertas entre R$ 300 e mil reais para pessoas f\u00edsicas e R$ 1,5 mil a R$ 3 mil para microempreendedores individuais [&hellip;]<\/p>\n","protected":false},"author":246,"featured_media":196860,"comment_status":"closed","ping_status":"closed","sticky":false,"template":"","format":"standard","meta":{"footnotes":""},"categories":[436,440,261,439],"tags":[],"class_list":["post-196859","post","type-post","status-publish","format-standard","has-post-thumbnail","hentry","category-destaque-da-semana","category-destaques-do-dia","category-economia","category-ultima-hora"],"_links":{"self":[{"href":"https:\/\/diarioregionaldigital.com.br\/index.php?rest_route=\/wp\/v2\/posts\/196859","targetHints":{"allow":["GET"]}}],"collection":[{"href":"https:\/\/diarioregionaldigital.com.br\/index.php?rest_route=\/wp\/v2\/posts"}],"about":[{"href":"https:\/\/diarioregionaldigital.com.br\/index.php?rest_route=\/wp\/v2\/types\/post"}],"author":[{"embeddable":true,"href":"https:\/\/diarioregionaldigital.com.br\/index.php?rest_route=\/wp\/v2\/users\/246"}],"replies":[{"embeddable":true,"href":"https:\/\/diarioregionaldigital.com.br\/index.php?rest_route=%2Fwp%2Fv2%2Fcomments&post=196859"}],"version-history":[{"count":1,"href":"https:\/\/diarioregionaldigital.com.br\/index.php?rest_route=\/wp\/v2\/posts\/196859\/revisions"}],"predecessor-version":[{"id":196861,"href":"https:\/\/diarioregionaldigital.com.br\/index.php?rest_route=\/wp\/v2\/posts\/196859\/revisions\/196861"}],"wp:featuredmedia":[{"embeddable":true,"href":"https:\/\/diarioregionaldigital.com.br\/index.php?rest_route=\/wp\/v2\/media\/196860"}],"wp:attachment":[{"href":"https:\/\/diarioregionaldigital.com.br\/index.php?rest_route=%2Fwp%2Fv2%2Fmedia&parent=196859"}],"wp:term":[{"taxonomy":"category","embeddable":true,"href":"https:\/\/diarioregionaldigital.com.br\/index.php?rest_route=%2Fwp%2Fv2%2Fcategories&post=196859"},{"taxonomy":"post_tag","embeddable":true,"href":"https:\/\/diarioregionaldigital.com.br\/index.php?rest_route=%2Fwp%2Fv2%2Ftags&post=196859"}],"curies":[{"name":"wp","href":"https:\/\/api.w.org\/{rel}","templated":true}]}}