{"id":196855,"date":"2022-03-29T16:32:21","date_gmt":"2022-03-29T19:32:21","guid":{"rendered":"https:\/\/diarioregionaldigital.com.br\/?p=196855"},"modified":"2022-03-29T16:32:21","modified_gmt":"2022-03-29T19:32:21","slug":"policia-militar-atende-vitima-de-roubo-no-bairro-industrial","status":"publish","type":"post","link":"https:\/\/diarioregionaldigital.com.br\/?p=196855","title":{"rendered":"Pol\u00edcia Militar atende v\u00edtima de roubo no Bairro Industrial"},"content":{"rendered":"<p>No dia 28mar22 por volta das 20h47min, a Pol\u00edcia Militar compareceu na Avenida Garcia Paes\/Av L\u00facio Bittencourt para atendimento a um homem de 49 anos que se encontrava de servi\u00e7o de frentista quando dois indiv\u00edduos armados com uma arma de fogo (garrucha) amea\u00e7ou-o de morte, vindo subtrair dinheiro do caixa. Rastreamento sem \u00eaxito.<\/p>\n","protected":false},"excerpt":{"rendered":"<p>No dia 28mar22 por volta das 20h47min, a Pol\u00edcia Militar compareceu na Avenida Garcia Paes\/Av L\u00facio Bittencourt para atendimento a um homem de 49 anos que se encontrava de servi\u00e7o de frentista quando dois indiv\u00edduos armados com uma arma de fogo (garrucha) amea\u00e7ou-o de morte, vindo subtrair dinheiro do caixa. Rastreamento sem \u00eaxito.<\/p>\n","protected":false},"author":246,"featured_media":196856,"comment_status":"closed","ping_status":"closed","sticky":false,"template":"","format":"standard","meta":{"footnotes":""},"categories":[301,436,439],"tags":[],"class_list":["post-196855","post","type-post","status-publish","format-standard","has-post-thumbnail","hentry","category-artigos-policiais","category-destaque-da-semana","category-ultima-hora"],"_links":{"self":[{"href":"https:\/\/diarioregionaldigital.com.br\/index.php?rest_route=\/wp\/v2\/posts\/196855","targetHints":{"allow":["GET"]}}],"collection":[{"href":"https:\/\/diarioregionaldigital.com.br\/index.php?rest_route=\/wp\/v2\/posts"}],"about":[{"href":"https:\/\/diarioregionaldigital.com.br\/index.php?rest_route=\/wp\/v2\/types\/post"}],"author":[{"embeddable":true,"href":"https:\/\/diarioregionaldigital.com.br\/index.php?rest_route=\/wp\/v2\/users\/246"}],"replies":[{"embeddable":true,"href":"https:\/\/diarioregionaldigital.com.br\/index.php?rest_route=%2Fwp%2Fv2%2Fcomments&post=196855"}],"version-history":[{"count":1,"href":"https:\/\/diarioregionaldigital.com.br\/index.php?rest_route=\/wp\/v2\/posts\/196855\/revisions"}],"predecessor-version":[{"id":196857,"href":"https:\/\/diarioregionaldigital.com.br\/index.php?rest_route=\/wp\/v2\/posts\/196855\/revisions\/196857"}],"wp:featuredmedia":[{"embeddable":true,"href":"https:\/\/diarioregionaldigital.com.br\/index.php?rest_route=\/wp\/v2\/media\/196856"}],"wp:attachment":[{"href":"https:\/\/diarioregionaldigital.com.br\/index.php?rest_route=%2Fwp%2Fv2%2Fmedia&parent=196855"}],"wp:term":[{"taxonomy":"category","embeddable":true,"href":"https:\/\/diarioregionaldigital.com.br\/index.php?rest_route=%2Fwp%2Fv2%2Fcategories&post=196855"},{"taxonomy":"post_tag","embeddable":true,"href":"https:\/\/diarioregionaldigital.com.br\/index.php?rest_route=%2Fwp%2Fv2%2Ftags&post=196855"}],"curies":[{"name":"wp","href":"https:\/\/api.w.org\/{rel}","templated":true}]}}