{"id":196848,"date":"2022-03-28T20:07:33","date_gmt":"2022-03-28T23:07:33","guid":{"rendered":"https:\/\/diarioregionaldigital.com.br\/?p=196848"},"modified":"2022-03-28T20:07:33","modified_gmt":"2022-03-28T23:07:33","slug":"nossa-escola-seguranca-cidadania-e-cultura-de-paz-traz-brincadeiras-e-conscientizacao-para-o-ambiente-escolar","status":"publish","type":"post","link":"https:\/\/diarioregionaldigital.com.br\/?p=196848","title":{"rendered":"\u201cNossa Escola: Seguran\u00e7a, Cidadania e Cultura de paz\u201d traz brincadeiras e conscientiza\u00e7\u00e3o para o ambiente escolar"},"content":{"rendered":"<p>Segundo informa\u00e7\u00f5es do site da Prefeitura de Juiz de Fora,\u00a0 alunos da Escola Municipal Jovita de Montreuil Brand\u00e3o, no Bairro Parque das \u00c1guas, juntamente com seus familiares, tiveram um s\u00e1bado diferente com o lan\u00e7amento do Projeto \u201cNossa Escola: Seguran\u00e7a, Cidadania e Cultura de paz\u201d no \u00faltimo s\u00e1bado, dia 26. O envolvimento da comunidade foi o ponto alto da festividade, que cumpriu a fun\u00e7\u00e3o de estreitar a rela\u00e7\u00e3o entre professores, alunos, pais e a Prefeitura de Juiz de Fora (PJF). A Secretaria de Seguran\u00e7a Urbana e Cidadania (Sesuc) e Secretaria de Educa\u00e7\u00e3o (SE), proponentes da a\u00e7\u00e3o,\u00a0 e demais setores da PJF deram as boas vindas \u00e0s crian\u00e7as e adolescentes, que ir\u00e3o participar de etapa de encontros para a constru\u00e7\u00e3o de uma nova perspectiva de participa\u00e7\u00e3o na escola, sob a l\u00f3gica da cultura de paz.<\/p>\n<p>&nbsp;<\/p>\n<p>A escola abriu suas portas e recepcionou a todos numa manh\u00e3 cheia de atividades e conv\u00edvio comunit\u00e1rio. Cama el\u00e1stica, escorregador infl\u00e1vel, tot\u00f3, sinuca, pintura de pele foram algumas das brincadeiras que movimentaram as crian\u00e7as, que levaram seus parentes para conhecer o espa\u00e7o. As mulheres participaram de palestra sobre empreendedorismo feminino promovida pela Sedic. Todos assistiram ao teatro de fantoches do mosquito da dengue, a apresenta\u00e7\u00f5es musicais e \u00e0 palha\u00e7a Amora, que surpreendeu a plateia por ser interpretada por uma professora da escola.<\/p>\n<p>&nbsp;<\/p>\n<p>Al\u00e9m da presen\u00e7a expressiva da comunidade escolar, o envolvimento da escola com o projeto era vis\u00edvel no clima e depend\u00eancias da unidade de ensino. Cartazes produzidos em sala de aula, pain\u00e9is com o resultado de atividades expressavam a t\u00f4nica do reconhecimento dos alunos como atores do cotidiano do bairro, da escola e da sociedade, bem como a valoriza\u00e7\u00e3o de suas singularidades e a abordagem do tema do m\u00eas da mulher retratava um ambiente de aprendizado produtivo e de uma escola em festa.<\/p>\n<p>&nbsp;<\/p>\n<p>Para a realiza\u00e7\u00e3o da atividade a Sesuc e a SE realizaram v\u00e1rios encontros com a escola, a fim de interpretar as demandas da unidade, respeitar suas peculiaridades e definir a melhor forma de intera\u00e7\u00e3o com a comunidade escolar. A escola, face \u00e0s especificidades do local onde est\u00e1 inserida, \u00e9 pioneira em receber o projeto.<\/p>\n<p>&nbsp;<\/p>\n<p>O objetivo do projeto \u00e9 o fortalecimento da escola como um espa\u00e7o de educa\u00e7\u00e3o e de constru\u00e7\u00e3o da cidadania e da cultura de paz. A iniciativa \u00e9 resultado de uma parceria entre a Sesuc e a SE, com o apoio das Secretarias de Governo (SG), Esporte e Lazer (SEL), Sa\u00fade (SS), Assist\u00eancia Social (SAS), Desenvolvimento Sustent\u00e1vel e Inclusivo da Inova\u00e7\u00e3o e Competitividade (Sedic), Secretaria de Governo (SG), Secretaria de Planejamento Urbano (Sepur) e Funalfa.<\/p>\n<p>&nbsp;<\/p>\n<p>A secret\u00e1ria de Seguran\u00e7a Urbana e Cidadania, Let\u00edcia Paiva Delgado, comemorou o sucesso da investida. \u201cFoi um dia muito bonito e que mostrou a pot\u00eancia do encontro entre professores, alunos, comunidade e poder p\u00fablico para a constru\u00e7\u00e3o de um ambiente feliz, acolhedor, inclusivo e pacifico. Esse s\u00e1bado foi apenas uma etapa de um longo processo que ser\u00e1 desenvolvido em conjunto com a escola para a constru\u00e7\u00e3o estrat\u00e9gias para que a paz e a cultura da n\u00e3o viol\u00eancia seja ensinada, aprendida e valorizada por todos e todas\u201d, enfatizou.<\/p>\n<p>Para a coordenadora pedag\u00f3gica da escola, Terezinha de C\u00e1ssia Paula, que cuidou da prepara\u00e7\u00e3o da escola durante a semana, a satisfa\u00e7\u00e3o est\u00e1 em ver a comunidade escolar feliz. &#8220;Desde o momento em que n\u00f3s recebemos a equipe do projeto, nossos cora\u00e7\u00f5es se encheram de alegria. Era uma oportunidade que h\u00e1 muito n\u00f3s j\u00e1 esper\u00e1vamos para essa comunidade escolar e enxergamos a possibilidade de estarmos nesse retorno \u00e0s aulas, ap\u00f3s a pandemia, recebendo os alunos,\u00a0 com uma escola diferente. Quando chegou o s\u00e1bado, percebemos a onda de alegria, as crian\u00e7as encantadas, com os olhinhos brilhando pra cada atividade ofertada. Nossa emo\u00e7\u00e3o foi oportunizar, em nossa escola, esse espa\u00e7o t\u00e3o rico para o exerc\u00edcio da cidadania, e principalmente, tratando de um tema que \u00e9 a constru\u00e7\u00e3o da cultura da paz que n\u00f3s todos ansiamos. Nossa escola se encheu de alegria e a comunidade escolar tamb\u00e9m, crian\u00e7as e familiares tiveram um dia repleto de emo\u00e7\u00e3o, de brincadeira, conviv\u00eancia&#8221;, destacou.<\/p>\n","protected":false},"excerpt":{"rendered":"<p>Segundo informa\u00e7\u00f5es do site da Prefeitura de Juiz de Fora,\u00a0 alunos da Escola Municipal Jovita de Montreuil Brand\u00e3o, no Bairro Parque das \u00c1guas, juntamente com seus familiares, tiveram um s\u00e1bado diferente com o lan\u00e7amento do Projeto \u201cNossa Escola: Seguran\u00e7a, Cidadania e Cultura de paz\u201d no \u00faltimo s\u00e1bado, dia 26. O envolvimento da comunidade foi o [&hellip;]<\/p>\n","protected":false},"author":246,"featured_media":196849,"comment_status":"closed","ping_status":"closed","sticky":false,"template":"","format":"standard","meta":{"footnotes":""},"categories":[253,436,439],"tags":[],"class_list":["post-196848","post","type-post","status-publish","format-standard","has-post-thumbnail","hentry","category-cidade","category-destaque-da-semana","category-ultima-hora"],"_links":{"self":[{"href":"https:\/\/diarioregionaldigital.com.br\/index.php?rest_route=\/wp\/v2\/posts\/196848","targetHints":{"allow":["GET"]}}],"collection":[{"href":"https:\/\/diarioregionaldigital.com.br\/index.php?rest_route=\/wp\/v2\/posts"}],"about":[{"href":"https:\/\/diarioregionaldigital.com.br\/index.php?rest_route=\/wp\/v2\/types\/post"}],"author":[{"embeddable":true,"href":"https:\/\/diarioregionaldigital.com.br\/index.php?rest_route=\/wp\/v2\/users\/246"}],"replies":[{"embeddable":true,"href":"https:\/\/diarioregionaldigital.com.br\/index.php?rest_route=%2Fwp%2Fv2%2Fcomments&post=196848"}],"version-history":[{"count":1,"href":"https:\/\/diarioregionaldigital.com.br\/index.php?rest_route=\/wp\/v2\/posts\/196848\/revisions"}],"predecessor-version":[{"id":196850,"href":"https:\/\/diarioregionaldigital.com.br\/index.php?rest_route=\/wp\/v2\/posts\/196848\/revisions\/196850"}],"wp:featuredmedia":[{"embeddable":true,"href":"https:\/\/diarioregionaldigital.com.br\/index.php?rest_route=\/wp\/v2\/media\/196849"}],"wp:attachment":[{"href":"https:\/\/diarioregionaldigital.com.br\/index.php?rest_route=%2Fwp%2Fv2%2Fmedia&parent=196848"}],"wp:term":[{"taxonomy":"category","embeddable":true,"href":"https:\/\/diarioregionaldigital.com.br\/index.php?rest_route=%2Fwp%2Fv2%2Fcategories&post=196848"},{"taxonomy":"post_tag","embeddable":true,"href":"https:\/\/diarioregionaldigital.com.br\/index.php?rest_route=%2Fwp%2Fv2%2Ftags&post=196848"}],"curies":[{"name":"wp","href":"https:\/\/api.w.org\/{rel}","templated":true}]}}