{"id":196845,"date":"2022-03-28T20:03:13","date_gmt":"2022-03-28T23:03:13","guid":{"rendered":"https:\/\/diarioregionaldigital.com.br\/?p=196845"},"modified":"2022-03-28T20:03:13","modified_gmt":"2022-03-28T23:03:13","slug":"cesama-realiza-interligacao-no-bairro-santos-dumont-e-regiao-pode-ter-abastecimento-comprometido","status":"publish","type":"post","link":"https:\/\/diarioregionaldigital.com.br\/?p=196845","title":{"rendered":"Cesama realiza interliga\u00e7\u00e3o no bairro Santos Dumont e regi\u00e3o pode ter abastecimento comprometido"},"content":{"rendered":"<p>Segundo informa\u00e7\u00f5es do site da Prefeitura de Juiz de Fora,\u00a0 nesta ter\u00e7a-feira, 29, a Companhia de Saneamento Municipal (Cesama) da Prefeitura de Juiz de Fora (PJF) ir\u00e1 realizar uma interliga\u00e7\u00e3o na Avenida Presidente Costa e Silva, na altura do n\u00famero 3316, no Bairro Santos Dumont. Os servi\u00e7os ser\u00e3o executados de 8h \u00e0s 11h e, para isso, ser\u00e1 necess\u00e1rio interromper o fornecimento de \u00e1gua local, podendo comprometer o abastecimento dos bairros Santos Dumont e Via do Sol.<\/p>\n<p>&nbsp;<\/p>\n<p>A Cesama orienta a popula\u00e7\u00e3o para que economize \u00e1gua at\u00e9 a regulariza\u00e7\u00e3o do sistema, que deve acontecer ao longo da noite de ter\u00e7a e madrugada de quarta-feira, 30.<\/p>\n","protected":false},"excerpt":{"rendered":"<p>Segundo informa\u00e7\u00f5es do site da Prefeitura de Juiz de Fora,\u00a0 nesta ter\u00e7a-feira, 29, a Companhia de Saneamento Municipal (Cesama) da Prefeitura de Juiz de Fora (PJF) ir\u00e1 realizar uma interliga\u00e7\u00e3o na Avenida Presidente Costa e Silva, na altura do n\u00famero 3316, no Bairro Santos Dumont. Os servi\u00e7os ser\u00e3o executados de 8h \u00e0s 11h e, para [&hellip;]<\/p>\n","protected":false},"author":246,"featured_media":196846,"comment_status":"closed","ping_status":"closed","sticky":false,"template":"","format":"standard","meta":{"footnotes":""},"categories":[253,436,439],"tags":[],"class_list":["post-196845","post","type-post","status-publish","format-standard","has-post-thumbnail","hentry","category-cidade","category-destaque-da-semana","category-ultima-hora"],"_links":{"self":[{"href":"https:\/\/diarioregionaldigital.com.br\/index.php?rest_route=\/wp\/v2\/posts\/196845","targetHints":{"allow":["GET"]}}],"collection":[{"href":"https:\/\/diarioregionaldigital.com.br\/index.php?rest_route=\/wp\/v2\/posts"}],"about":[{"href":"https:\/\/diarioregionaldigital.com.br\/index.php?rest_route=\/wp\/v2\/types\/post"}],"author":[{"embeddable":true,"href":"https:\/\/diarioregionaldigital.com.br\/index.php?rest_route=\/wp\/v2\/users\/246"}],"replies":[{"embeddable":true,"href":"https:\/\/diarioregionaldigital.com.br\/index.php?rest_route=%2Fwp%2Fv2%2Fcomments&post=196845"}],"version-history":[{"count":1,"href":"https:\/\/diarioregionaldigital.com.br\/index.php?rest_route=\/wp\/v2\/posts\/196845\/revisions"}],"predecessor-version":[{"id":196847,"href":"https:\/\/diarioregionaldigital.com.br\/index.php?rest_route=\/wp\/v2\/posts\/196845\/revisions\/196847"}],"wp:featuredmedia":[{"embeddable":true,"href":"https:\/\/diarioregionaldigital.com.br\/index.php?rest_route=\/wp\/v2\/media\/196846"}],"wp:attachment":[{"href":"https:\/\/diarioregionaldigital.com.br\/index.php?rest_route=%2Fwp%2Fv2%2Fmedia&parent=196845"}],"wp:term":[{"taxonomy":"category","embeddable":true,"href":"https:\/\/diarioregionaldigital.com.br\/index.php?rest_route=%2Fwp%2Fv2%2Fcategories&post=196845"},{"taxonomy":"post_tag","embeddable":true,"href":"https:\/\/diarioregionaldigital.com.br\/index.php?rest_route=%2Fwp%2Fv2%2Ftags&post=196845"}],"curies":[{"name":"wp","href":"https:\/\/api.w.org\/{rel}","templated":true}]}}