{"id":196841,"date":"2022-03-28T20:00:48","date_gmt":"2022-03-28T23:00:48","guid":{"rendered":"https:\/\/diarioregionaldigital.com.br\/?p=196841"},"modified":"2022-03-28T20:00:48","modified_gmt":"2022-03-28T23:00:48","slug":"ultima-semana-para-se-inscrever-no-proleite","status":"publish","type":"post","link":"https:\/\/diarioregionaldigital.com.br\/?p=196841","title":{"rendered":"\u00daltima semana para se inscrever no Pr\u00f3Leite"},"content":{"rendered":"<p>Segundo informa\u00e7\u00f5es do site da Prefeitura de Juiz de Fora,\u00a0 as inscri\u00e7\u00f5es do Programa Municipal de Apoio e Assist\u00eancia T\u00e9cnica em Pecu\u00e1ria Leiteira (Pr\u00f3Leite), de forma presencial, terminam na pr\u00f3xima sexta-feira, 1\u00ba de abril. De forma online, podem ser feitas at\u00e9 domingo, 3.<\/p>\n<p>Neste cadastro, a Prefeitura de Juiz de Fora (PJF), por meio da Secretaria de Agricultura, Pecu\u00e1ria e Abastecimento (Seapa), oferece mais de 50 vagas para pecuaristas de leite de Juiz de Fora. O programa executa assist\u00eancia t\u00e9cnica para os produtores de leite nas \u00e1reas de gest\u00e3o zoot\u00e9cnica, econ\u00f4mica, de escritura\u00e7\u00e3o de dados produtivos e no controle reprodutivo dos animais.<\/p>\n<p><strong>Passo a passo para se inscrever<\/strong><\/p>\n<p>Os produtores que optarem pela inscri\u00e7\u00e3o presencial, devem comparecer na sede da Seapa, localizada na Av. Brasil 2001, 6\u00ba andar, no Centro,\u00a0\u00a0nos hor\u00e1rios das 9h \u00e0s 12h e das 14h \u00e0s 17h, munidos dos documentos obrigat\u00f3rios.<\/p>\n<p>Para quem optar pelo cadastro online, deve acessar a\u00a0<a href=\"https:\/\/www.pjf.mg.gov.br\/agil\/\"><strong>Prefeitura \u00c1gil<\/strong><\/a>\u00a0at\u00e9 \u00e0s 23h59 do dia 3 de abril.<\/p>\n<p>1\u00ba passo &#8211; \u00c9 preciso se cadastrar na plataforma com um e-mail e senha;<\/p>\n<p>2\u00ba passo &#8211; Clicar no \u00edcone \u201cProtocolo\u201d e digitar o termo \u201cPr\u00f3Leite\u201d e marcar o assunto referente a inscri\u00e7\u00e3o do ano de 2022;<\/p>\n<p>3\u00ba passo &#8211; Separe todos os documentos para serem anexados. Sugerimos que os documentos estejam em PDF.<\/p>\n<p>4\u00ba passo &#8211; Em seguida, \u00e9 preciso preencher o formul\u00e1rio;<\/p>\n<p>5\u00ba passo &#8211; Anexar os documentos;<\/p>\n<p>6\u00ba passo &#8211; Protocolar o pedido.<\/p>\n<p><strong>Os documentos obrigat\u00f3rios que devem ser apresentados ou anexados de forma on-line s\u00e3o:<\/strong><\/p>\n<p>Carteira de Identidade (RG) ou Carteira de Motorista (CNH);<\/p>\n<p>Cadastro de Pessoa F\u00edsica (CPF);<\/p>\n<p>Registro da propriedade agropecu\u00e1ria no munic\u00edpio de Juiz de Fora (escritura do terreno ou contrato de arrendamento)<\/p>\n<p>Cart\u00e3o do Produtor v\u00e1lido;<\/p>\n<p>Termo de Compromisso e Responsabilidade assinado (Anexo I do Documento de Processo de Inscri\u00e7\u00e3o Seapa 003\/2022).<\/p>\n<p>Confira outros detalhes\u00a0<strong><a href=\"https:\/\/www.pjf.mg.gov.br\/secretarias\/seapa\/apoio_produtores_rurais\/arquivos\/proleite\/inscricoes_003_2022_.pdf\">aqui<\/a><\/strong>.<\/p>\n<p><strong>Outras informa\u00e7\u00f5es:<\/strong><\/p>\n<p><a href=\"https:\/\/www.pjf.mg.gov.br\/secretarias\/seapa\/apoio_produtores_rurais\/proleite.php\"><strong>Pr\u00f3Leite.\u00a0<\/strong><\/a><\/p>\n<p><strong>Whatsapp:<\/strong>\u00a02104-8619<\/p>\n<p><strong>E-mail<\/strong>: dapscontato@pjf.mg.gov.br<\/p>\n","protected":false},"excerpt":{"rendered":"<p>Segundo informa\u00e7\u00f5es do site da Prefeitura de Juiz de Fora,\u00a0 as inscri\u00e7\u00f5es do Programa Municipal de Apoio e Assist\u00eancia T\u00e9cnica em Pecu\u00e1ria Leiteira (Pr\u00f3Leite), de forma presencial, terminam na pr\u00f3xima sexta-feira, 1\u00ba de abril. De forma online, podem ser feitas at\u00e9 domingo, 3. Neste cadastro, a Prefeitura de Juiz de Fora (PJF), por meio da [&hellip;]<\/p>\n","protected":false},"author":246,"featured_media":196842,"comment_status":"closed","ping_status":"closed","sticky":false,"template":"","format":"standard","meta":{"footnotes":""},"categories":[253,436,439],"tags":[],"class_list":["post-196841","post","type-post","status-publish","format-standard","has-post-thumbnail","hentry","category-cidade","category-destaque-da-semana","category-ultima-hora"],"_links":{"self":[{"href":"https:\/\/diarioregionaldigital.com.br\/index.php?rest_route=\/wp\/v2\/posts\/196841","targetHints":{"allow":["GET"]}}],"collection":[{"href":"https:\/\/diarioregionaldigital.com.br\/index.php?rest_route=\/wp\/v2\/posts"}],"about":[{"href":"https:\/\/diarioregionaldigital.com.br\/index.php?rest_route=\/wp\/v2\/types\/post"}],"author":[{"embeddable":true,"href":"https:\/\/diarioregionaldigital.com.br\/index.php?rest_route=\/wp\/v2\/users\/246"}],"replies":[{"embeddable":true,"href":"https:\/\/diarioregionaldigital.com.br\/index.php?rest_route=%2Fwp%2Fv2%2Fcomments&post=196841"}],"version-history":[{"count":2,"href":"https:\/\/diarioregionaldigital.com.br\/index.php?rest_route=\/wp\/v2\/posts\/196841\/revisions"}],"predecessor-version":[{"id":196844,"href":"https:\/\/diarioregionaldigital.com.br\/index.php?rest_route=\/wp\/v2\/posts\/196841\/revisions\/196844"}],"wp:featuredmedia":[{"embeddable":true,"href":"https:\/\/diarioregionaldigital.com.br\/index.php?rest_route=\/wp\/v2\/media\/196842"}],"wp:attachment":[{"href":"https:\/\/diarioregionaldigital.com.br\/index.php?rest_route=%2Fwp%2Fv2%2Fmedia&parent=196841"}],"wp:term":[{"taxonomy":"category","embeddable":true,"href":"https:\/\/diarioregionaldigital.com.br\/index.php?rest_route=%2Fwp%2Fv2%2Fcategories&post=196841"},{"taxonomy":"post_tag","embeddable":true,"href":"https:\/\/diarioregionaldigital.com.br\/index.php?rest_route=%2Fwp%2Fv2%2Ftags&post=196841"}],"curies":[{"name":"wp","href":"https:\/\/api.w.org\/{rel}","templated":true}]}}