{"id":196831,"date":"2022-03-28T19:35:51","date_gmt":"2022-03-28T22:35:51","guid":{"rendered":"https:\/\/diarioregionaldigital.com.br\/?p=196831"},"modified":"2022-03-28T19:35:51","modified_gmt":"2022-03-28T22:35:51","slug":"sport-e-fortaleza-fazem-1o-jogo-da-final-da-copa-do-nordeste-na-quinta","status":"publish","type":"post","link":"https:\/\/diarioregionaldigital.com.br\/?p=196831","title":{"rendered":"Sport e Fortaleza fazem 1\u00ba jogo da final da Copa do Nordeste na quinta"},"content":{"rendered":"<p>A partir de quinta-feira (31), \u00e0s 21h35 (hor\u00e1rio de Bras\u00edlia)\u00a0come\u00e7a a disputa do t\u00edtulo da Copa do Nordeste de 2022 na Arena Pernambuco, em Recife, casa do Sport, que se classificou neste domingo para a grande final. O advers\u00e1rio ser\u00e1 o atual campe\u00e3o Fortaleza, que garantiu a vaga no s\u00e1bado (26). De acordo com o calend\u00e1rio da CBF, o vencedor ser\u00e1 conhecido no pr\u00f3ximo domingo (3 de abril), ap\u00f3s o jogo da volta na Arena Castel\u00e3o, casa do Le\u00e3o do Pici, \u00e0s 18h30.<img decoding=\"async\" src=\"https:\/\/agenciabrasil.ebc.com.br\/ebc.png?id=1450769&amp;o=node\" \/><img decoding=\"async\" src=\"https:\/\/agenciabrasil.ebc.com.br\/ebc.gif?id=1450769&amp;o=node\" \/><\/p>\n<p>Ap\u00f3s cinco anos sem chegar \u00e0 final do torneio regional, o Sport vai em busca do quarto t\u00edtulo na competi\u00e7\u00e3o: o Rubro-Negro j\u00e1 levantou a ta\u00e7a em 1994, 2000 e 2014. Neste domingo (27), o time do t\u00e9cnico G<strong>ilmar Dal Pozzo<\/strong>\u00a0\u00a0avan\u00e7ou \u00e0 final ao bater o CRB em casa, por 3 a 1, em jogo \u00fanico.<\/p>\n<p>J\u00e1 o Fortaleza, comandado pelo t\u00e9cnico argentino Pablo Vojvoda, se classificou no s\u00e1bado (26) ap\u00f3s derrotar o N\u00e1utico por 2 a 0 na Arena Castel\u00e3o. \u00a0Al\u00e9m do t\u00edtulo do ano passado, o Le\u00e3o de Pici levantou a \u201corelhuda\u201d \u2013 apelido da ta\u00e7a no Nordeste \u2013 em\u00a02015\u00a0e 2020.<\/p>\n<p>Fonte: Ag\u00eancia Brasil<\/p>\n","protected":false},"excerpt":{"rendered":"<p>A partir de quinta-feira (31), \u00e0s 21h35 (hor\u00e1rio de Bras\u00edlia)\u00a0come\u00e7a a disputa do t\u00edtulo da Copa do Nordeste de 2022 na Arena Pernambuco, em Recife, casa do Sport, que se classificou neste domingo para a grande final. O advers\u00e1rio ser\u00e1 o atual campe\u00e3o Fortaleza, que garantiu a vaga no s\u00e1bado (26). De acordo com o [&hellip;]<\/p>\n","protected":false},"author":246,"featured_media":196832,"comment_status":"closed","ping_status":"closed","sticky":false,"template":"","format":"standard","meta":{"footnotes":""},"categories":[436,257,439],"tags":[],"class_list":["post-196831","post","type-post","status-publish","format-standard","has-post-thumbnail","hentry","category-destaque-da-semana","category-esporte","category-ultima-hora"],"_links":{"self":[{"href":"https:\/\/diarioregionaldigital.com.br\/index.php?rest_route=\/wp\/v2\/posts\/196831","targetHints":{"allow":["GET"]}}],"collection":[{"href":"https:\/\/diarioregionaldigital.com.br\/index.php?rest_route=\/wp\/v2\/posts"}],"about":[{"href":"https:\/\/diarioregionaldigital.com.br\/index.php?rest_route=\/wp\/v2\/types\/post"}],"author":[{"embeddable":true,"href":"https:\/\/diarioregionaldigital.com.br\/index.php?rest_route=\/wp\/v2\/users\/246"}],"replies":[{"embeddable":true,"href":"https:\/\/diarioregionaldigital.com.br\/index.php?rest_route=%2Fwp%2Fv2%2Fcomments&post=196831"}],"version-history":[{"count":1,"href":"https:\/\/diarioregionaldigital.com.br\/index.php?rest_route=\/wp\/v2\/posts\/196831\/revisions"}],"predecessor-version":[{"id":196833,"href":"https:\/\/diarioregionaldigital.com.br\/index.php?rest_route=\/wp\/v2\/posts\/196831\/revisions\/196833"}],"wp:featuredmedia":[{"embeddable":true,"href":"https:\/\/diarioregionaldigital.com.br\/index.php?rest_route=\/wp\/v2\/media\/196832"}],"wp:attachment":[{"href":"https:\/\/diarioregionaldigital.com.br\/index.php?rest_route=%2Fwp%2Fv2%2Fmedia&parent=196831"}],"wp:term":[{"taxonomy":"category","embeddable":true,"href":"https:\/\/diarioregionaldigital.com.br\/index.php?rest_route=%2Fwp%2Fv2%2Fcategories&post=196831"},{"taxonomy":"post_tag","embeddable":true,"href":"https:\/\/diarioregionaldigital.com.br\/index.php?rest_route=%2Fwp%2Fv2%2Ftags&post=196831"}],"curies":[{"name":"wp","href":"https:\/\/api.w.org\/{rel}","templated":true}]}}