{"id":196827,"date":"2022-03-28T19:33:56","date_gmt":"2022-03-28T22:33:56","guid":{"rendered":"https:\/\/diarioregionaldigital.com.br\/?p=196827"},"modified":"2022-03-28T19:33:56","modified_gmt":"2022-03-28T22:33:56","slug":"marta-e-cortada-da-selecao-apos-sofrer-lesao-no-joelho-esquerdo","status":"publish","type":"post","link":"https:\/\/diarioregionaldigital.com.br\/?p=196827","title":{"rendered":"Marta \u00e9 cortada da sele\u00e7\u00e3o ap\u00f3s sofrer les\u00e3o no joelho esquerdo"},"content":{"rendered":"<p>A meia-atacante Marta foi cortada da sele\u00e7\u00e3o feminina de futebol ap\u00f3s sofrer uma les\u00e3o no ligamento cruzado anterior do joelho esquerdo no \u00faltimo s\u00e1bado (26) em partida pelo Orlando Pride (Estados Unidos). Agora, a camisa 10 da sele\u00e7\u00e3o ter\u00e1 que realizar uma cirurgia.<img decoding=\"async\" src=\"https:\/\/agenciabrasil.ebc.com.br\/ebc.png?id=1450816&amp;o=node\" \/><img decoding=\"async\" src=\"https:\/\/agenciabrasil.ebc.com.br\/ebc.gif?id=1450816&amp;o=node\" \/><\/p>\n<p>\u201cPessoal, estou passando aqui para informar que no nosso jogo de s\u00e1bado sofri uma les\u00e3o no ligamento do joelho e precisarei de cirurgia. Infelizmente ficarei fora dos gramados por um tempo. Este ser\u00e1 mais um cap\u00edtulo na minha caminhada e tenho certeza de que sairei mais forte! Agora \u00e9 focar na minha recupera\u00e7\u00e3o para voltar a fazer o que mais amo, representando meu pa\u00eds, meu povo e meu time. Obrigada a todos pelo apoio de sempre\u201d, publicou Marta em seu perfil no Istagram.<\/p>\n<p>Com a les\u00e3o, Marta desfalcar\u00e1 a sele\u00e7\u00e3o brasileira feminina na Data FIFA de abril, quando a equipe enfrenta a Espanha no dia 7 de abril e a Hungria quatro dias depois. Assim, a t\u00e9cnica sueca Pia Sundhage convocou a atacante Gabi Portilho, do Corinthians, para defender o Brasil nestas partidas.<\/p>\n<p>Fonte: Ag\u00eancia Brasil<\/p>\n","protected":false},"excerpt":{"rendered":"<p>A meia-atacante Marta foi cortada da sele\u00e7\u00e3o feminina de futebol ap\u00f3s sofrer uma les\u00e3o no ligamento cruzado anterior do joelho esquerdo no \u00faltimo s\u00e1bado (26) em partida pelo Orlando Pride (Estados Unidos). Agora, a camisa 10 da sele\u00e7\u00e3o ter\u00e1 que realizar uma cirurgia. \u201cPessoal, estou passando aqui para informar que no nosso jogo de s\u00e1bado [&hellip;]<\/p>\n","protected":false},"author":246,"featured_media":196828,"comment_status":"closed","ping_status":"closed","sticky":false,"template":"","format":"standard","meta":{"footnotes":""},"categories":[436,257,439],"tags":[],"class_list":["post-196827","post","type-post","status-publish","format-standard","has-post-thumbnail","hentry","category-destaque-da-semana","category-esporte","category-ultima-hora"],"_links":{"self":[{"href":"https:\/\/diarioregionaldigital.com.br\/index.php?rest_route=\/wp\/v2\/posts\/196827","targetHints":{"allow":["GET"]}}],"collection":[{"href":"https:\/\/diarioregionaldigital.com.br\/index.php?rest_route=\/wp\/v2\/posts"}],"about":[{"href":"https:\/\/diarioregionaldigital.com.br\/index.php?rest_route=\/wp\/v2\/types\/post"}],"author":[{"embeddable":true,"href":"https:\/\/diarioregionaldigital.com.br\/index.php?rest_route=\/wp\/v2\/users\/246"}],"replies":[{"embeddable":true,"href":"https:\/\/diarioregionaldigital.com.br\/index.php?rest_route=%2Fwp%2Fv2%2Fcomments&post=196827"}],"version-history":[{"count":2,"href":"https:\/\/diarioregionaldigital.com.br\/index.php?rest_route=\/wp\/v2\/posts\/196827\/revisions"}],"predecessor-version":[{"id":196830,"href":"https:\/\/diarioregionaldigital.com.br\/index.php?rest_route=\/wp\/v2\/posts\/196827\/revisions\/196830"}],"wp:featuredmedia":[{"embeddable":true,"href":"https:\/\/diarioregionaldigital.com.br\/index.php?rest_route=\/wp\/v2\/media\/196828"}],"wp:attachment":[{"href":"https:\/\/diarioregionaldigital.com.br\/index.php?rest_route=%2Fwp%2Fv2%2Fmedia&parent=196827"}],"wp:term":[{"taxonomy":"category","embeddable":true,"href":"https:\/\/diarioregionaldigital.com.br\/index.php?rest_route=%2Fwp%2Fv2%2Fcategories&post=196827"},{"taxonomy":"post_tag","embeddable":true,"href":"https:\/\/diarioregionaldigital.com.br\/index.php?rest_route=%2Fwp%2Fv2%2Ftags&post=196827"}],"curies":[{"name":"wp","href":"https:\/\/api.w.org\/{rel}","templated":true}]}}