{"id":196814,"date":"2022-03-28T19:12:26","date_gmt":"2022-03-28T22:12:26","guid":{"rendered":"https:\/\/diarioregionaldigital.com.br\/?p=196814"},"modified":"2022-03-28T19:12:26","modified_gmt":"2022-03-28T22:12:26","slug":"codemge-mapeia-interessados-em-investir-em-operadora-virtual-de-rede-movel","status":"publish","type":"post","link":"https:\/\/diarioregionaldigital.com.br\/?p=196814","title":{"rendered":"Codemge mapeia interessados em investir em operadora virtual de rede m\u00f3vel"},"content":{"rendered":"<p>A\u00a0<a title=\"http:\/\/www.codemge.com.br\/\" href=\"http:\/\/www.codemge.com.br\/\" target=\"_blank\" rel=\"noopener\" data-saferedirecturl=\"https:\/\/www.google.com\/url?q=http:\/\/www.codemge.com.br\/&amp;source=gmail&amp;ust=1648318555745000&amp;usg=AOvVaw1H8LFlkV4e-U5wqD4e9mzt\">Companhia de Desenvolvimento de Minas Gerais (Codemge)<\/a>\u00a0est\u00e1 com consulta p\u00fablica aberta, at\u00e9 29\/4\/2022, para a aliena\u00e7\u00e3o de sua participa\u00e7\u00e3o (23%) na Datora Participa\u00e7\u00f5es. O objetivo da iniciativa \u00e9 receber manifesta\u00e7\u00f5es de interesse para aquisi\u00e7\u00e3o do ativo pelo setor privado. As informa\u00e7\u00f5es a respeito da oportunidade de investimento e os pr\u00e9-requisitos para apresenta\u00e7\u00e3o das manifesta\u00e7\u00f5es est\u00e3o dispon\u00edveis<a href=\"http:\/\/www.codemge.com.br\/wp-content\/uploads\/2022\/03\/2022.03.24-teaser-datora-aprovado.pdf\" target=\"_blank\" rel=\"noopener\">\u00a0<\/a><a title=\"https:\/\/outlook.office.com\/mail\/inbox\/id\/AAQkADdjNzQyYzkwLTAzMzQtNGFhNi05ZGQzLTQyNWM3NTlkM2Q5ZAAQAGfjt3%2B7zOZFk%2FWo63XakyE%3D\" href=\"https:\/\/outlook.office.com\/mail\/inbox\/id\/AAQkADdjNzQyYzkwLTAzMzQtNGFhNi05ZGQzLTQyNWM3NTlkM2Q5ZAAQAGfjt3%2B7zOZFk%2FWo63XakyE%3D\" target=\"_blank\" rel=\"noopener\" data-saferedirecturl=\"https:\/\/www.google.com\/url?q=https:\/\/outlook.office.com\/mail\/inbox\/id\/AAQkADdjNzQyYzkwLTAzMzQtNGFhNi05ZGQzLTQyNWM3NTlkM2Q5ZAAQAGfjt3%252B7zOZFk%252FWo63XakyE%253D&amp;source=gmail&amp;ust=1648318555745000&amp;usg=AOvVaw2f4EU2uuveuGuPq2vfXHAp\">neste link<\/a>.<\/p>\n<p>Operadora virtual de rede m\u00f3vel no Brasil, a Datora Participa\u00e7\u00f5es \u00e9 uma empresa do ramo de telecomunica\u00e7\u00f5es com atua\u00e7\u00e3o nos crescentes mercados de Internet das coisas e comunica\u00e7\u00e3o m\u00e1quina a m\u00e1quina (IoT\/M2M). Possui unidades em Nova Lima\/MG e S\u00e3o Paulo\/SP, al\u00e9m de escrit\u00f3rios na Europa e Estados Unidos.<\/p>\n<p>Para an\u00e1lise interna da consulta, os interessados devem encaminhar as seguintes informa\u00e7\u00f5es\/documentos:<\/p>\n<ul>\n<li>Carta de manifesta\u00e7\u00e3o de interesse preenchida, conforme modelo dispon\u00edvel no link;<\/li>\n<li>NDA (Acordo de confidencialidade) preenchido e assinado, conforme modelo dispon\u00edvel no link;<\/li>\n<li>Declara\u00e7\u00e3o de conformidade preenchida e assinada, conforme modelo dispon\u00edvel no link.<\/li>\n<\/ul>\n<p>As pessoas jur\u00eddicas tamb\u00e9m dever\u00e3o encaminhar:<\/p>\n<ul>\n<li>Estatuto ou Contrato Social em vigor, devidamente registrado no \u00f3rg\u00e3o competente, com sua(s) respectiva(s) altera\u00e7\u00e3o(\u00f5es), ou a sua \u00faltima consolida\u00e7\u00e3o;<\/li>\n<li>Documenta\u00e7\u00e3o do(s) representante(s) legal(is) da pessoa jur\u00eddica interessada que comprove os devidos poderes de representa\u00e7\u00e3o, acompanhada de documento de identidade;<\/li>\n<li>Demonstra\u00e7\u00f5es financeiras auditadas de 2020 ou de 2021 da pessoa jur\u00eddica interessada.<\/li>\n<\/ul>\n<p>Os investidores financeiros tamb\u00e9m dever\u00e3o encaminhar:<\/p>\n<ul>\n<li>Estatuto ou Contrato Social em vigor da institui\u00e7\u00e3o gestora do fundo de investimento, devidamente registrado no \u00f3rg\u00e3o competente, com sua(s) respectiva(s) altera\u00e7\u00e3o(\u00f5es), ou a sua \u00faltima consolida\u00e7\u00e3o;<\/li>\n<li>Documenta\u00e7\u00e3o do(s) representante(s) legal(is) da institui\u00e7\u00e3o gestora do fundo de investimento que comprove os devidos poderes de representa\u00e7\u00e3o, acompanhada de documento de identidade;<\/li>\n<li>Documenta\u00e7\u00e3o que ateste o total de ativos sob gest\u00e3o da institui\u00e7\u00e3o gestora (AuM &#8211; Assets under Management), com base em relat\u00f3rios da CVM e\/ou Anbima. No caso de a comprova\u00e7\u00e3o do total de ativos sob gest\u00e3o ser feita diretamente com base no portf\u00f3lio do Fundo de investimentos, dever\u00e3o ser encaminhados adicionalmente:<\/li>\n<li>Regulamento do Fundo de Investimento;<\/li>\n<li>Demonstra\u00e7\u00f5es financeiras auditadas de 2020 ou de 2021 do Fundo de Investimento.<\/li>\n<\/ul>\n<p>As pessoas f\u00edsicas tamb\u00e9m dever\u00e3o encaminhar:<\/p>\n<ul>\n<li>Documento de identifica\u00e7\u00e3o com foto, contendo o Cadastro de Pessoa F\u00edsica (CPF);<\/li>\n<li>Declara\u00e7\u00e3o completa de Imposto de Renda (ano-base 2020 ou 2021), acompanhada de recibo de entrega.<\/li>\n<\/ul>\n<p>As manifesta\u00e7\u00f5es de interesse, acompanhadas pelos documentos descritos acima, dever\u00e3o ser enviadas at\u00e9 o fim do prazo estipulado para a consulta de interesse (29\/4\/2022). O envio de toda a documenta\u00e7\u00e3o pertinente \u00e9 condi\u00e7\u00e3o para participa\u00e7\u00e3o do interessado nas pr\u00f3ximas etapas do procedimento competitivo de aliena\u00e7\u00e3o.<\/p>\n<p>Eventuais pedidos de informa\u00e7\u00e3o ou esclarecimento dever\u00e3o ser enviados at\u00e9 25\/4\/2022 e ser\u00e3o respondidos em at\u00e9 48 horas \u00fateis. Todas as comunica\u00e7\u00f5es e envios devem ser feitas por meio do e-mail\u00a0<a title=\"alienacaodatora@codemge.com.br\" href=\"mailto:alienacaodatora@codemge.com.br\" target=\"_blank\" rel=\"noopener\">alienacaodatora@codemge.com.br<\/a><wbr \/>. A Codemge divulgar\u00e1 as informa\u00e7\u00f5es pertinentes \u00e0 oportunidade de investimento em seu site institucional (<a title=\"http:\/\/www.codemge.com.br\/investidores\/\" href=\"http:\/\/www.codemge.com.br\/investidores\/\" target=\"_blank\" rel=\"noopener\" data-saferedirecturl=\"https:\/\/www.google.com\/url?q=http:\/\/www.codemge.com.br\/investidores\/&amp;source=gmail&amp;ust=1648318555745000&amp;usg=AOvVaw1NzXjGc0irVfLsKWb_1rg1\">http:\/\/www.codemge.com.br\/<wbr \/>investidores\/<\/a>).<\/p>\n<p><b>Gest\u00e3o de Portf\u00f3lio<\/b><\/p>\n<p>Com o objetivo de se tornar vetor de solu\u00e7\u00f5es para o desenvolvimento do Estado de Minas Gerais, promovendo a conex\u00e3o entre o p\u00fablico e o privado, a Codemge instituiu em 2021 o Programa de Gest\u00e3o de Portf\u00f3lio. A a\u00e7\u00e3o, em curso, revisa sua carteira de ativos com foco na simplifica\u00e7\u00e3o, na efici\u00eancia e em garantir maior retorno de suas iniciativas para Minas.<\/p>\n<p>O programa inclui fundos de investimentos em participa\u00e7\u00f5es, participa\u00e7\u00f5es acion\u00e1rias diretas, projetos de P&amp;D, ativos imobili\u00e1rios e direitos miner\u00e1rios, entre outros ativos. As oportunidades oferecidas a investidores s\u00e3o divulgadas pelo site da Codemge, em conformidade com a legisla\u00e7\u00e3o e com as melhores pr\u00e1ticas de mercado e de governan\u00e7a corporativa.<\/p>\n<p><b>Codemge<\/b><\/p>\n<p>A Codemge \u00e9 uma empresa estatal, integrante da administra\u00e7\u00e3o p\u00fablica indireta do estado de Minas Gerais, organizada sob a forma de sociedade por a\u00e7\u00f5es. Tem como miss\u00e3o contribuir para o desenvolvimento de Minas Gerais, impulsionando estrategicamente a economia mineira. Integrante do Grupo Codemge, do qual a Codemig faz parte, a companhia \u00e9 respons\u00e1vel por diversos ativos econ\u00f4micos, em v\u00e1rias frentes de atua\u00e7\u00e3o, enquanto a Codemig se dedica ao ni\u00f3bio.<\/p>\n<p>Fonte: Ag\u00eancia Minas<\/p>\n","protected":false},"excerpt":{"rendered":"<p>A\u00a0Companhia de Desenvolvimento de Minas Gerais (Codemge)\u00a0est\u00e1 com consulta p\u00fablica aberta, at\u00e9 29\/4\/2022, para a aliena\u00e7\u00e3o de sua participa\u00e7\u00e3o (23%) na Datora Participa\u00e7\u00f5es. O objetivo da iniciativa \u00e9 receber manifesta\u00e7\u00f5es de interesse para aquisi\u00e7\u00e3o do ativo pelo setor privado. As informa\u00e7\u00f5es a respeito da oportunidade de investimento e os pr\u00e9-requisitos para apresenta\u00e7\u00e3o das manifesta\u00e7\u00f5es est\u00e3o [&hellip;]<\/p>\n","protected":false},"author":246,"featured_media":196815,"comment_status":"closed","ping_status":"closed","sticky":false,"template":"","format":"standard","meta":{"footnotes":""},"categories":[436,254,439],"tags":[],"class_list":["post-196814","post","type-post","status-publish","format-standard","has-post-thumbnail","hentry","category-destaque-da-semana","category-politica","category-ultima-hora"],"_links":{"self":[{"href":"https:\/\/diarioregionaldigital.com.br\/index.php?rest_route=\/wp\/v2\/posts\/196814","targetHints":{"allow":["GET"]}}],"collection":[{"href":"https:\/\/diarioregionaldigital.com.br\/index.php?rest_route=\/wp\/v2\/posts"}],"about":[{"href":"https:\/\/diarioregionaldigital.com.br\/index.php?rest_route=\/wp\/v2\/types\/post"}],"author":[{"embeddable":true,"href":"https:\/\/diarioregionaldigital.com.br\/index.php?rest_route=\/wp\/v2\/users\/246"}],"replies":[{"embeddable":true,"href":"https:\/\/diarioregionaldigital.com.br\/index.php?rest_route=%2Fwp%2Fv2%2Fcomments&post=196814"}],"version-history":[{"count":1,"href":"https:\/\/diarioregionaldigital.com.br\/index.php?rest_route=\/wp\/v2\/posts\/196814\/revisions"}],"predecessor-version":[{"id":196816,"href":"https:\/\/diarioregionaldigital.com.br\/index.php?rest_route=\/wp\/v2\/posts\/196814\/revisions\/196816"}],"wp:featuredmedia":[{"embeddable":true,"href":"https:\/\/diarioregionaldigital.com.br\/index.php?rest_route=\/wp\/v2\/media\/196815"}],"wp:attachment":[{"href":"https:\/\/diarioregionaldigital.com.br\/index.php?rest_route=%2Fwp%2Fv2%2Fmedia&parent=196814"}],"wp:term":[{"taxonomy":"category","embeddable":true,"href":"https:\/\/diarioregionaldigital.com.br\/index.php?rest_route=%2Fwp%2Fv2%2Fcategories&post=196814"},{"taxonomy":"post_tag","embeddable":true,"href":"https:\/\/diarioregionaldigital.com.br\/index.php?rest_route=%2Fwp%2Fv2%2Ftags&post=196814"}],"curies":[{"name":"wp","href":"https:\/\/api.w.org\/{rel}","templated":true}]}}