{"id":196810,"date":"2022-03-28T19:09:58","date_gmt":"2022-03-28T22:09:58","guid":{"rendered":"https:\/\/diarioregionaldigital.com.br\/?p=196810"},"modified":"2022-03-28T19:09:58","modified_gmt":"2022-03-28T22:09:58","slug":"governo-de-minas-reconhece-o-arranjo-produtivo-local-de-asas-rotativas-e-de-defesa-em-itajuba-no-sul-de-minas","status":"publish","type":"post","link":"https:\/\/diarioregionaldigital.com.br\/?p=196810","title":{"rendered":"Governo de Minas reconhece o Arranjo Produtivo Local de Asas Rotativas e de Defesa em Itajub\u00e1, no Sul de Minas"},"content":{"rendered":"<p>A economia de Minas Gerais alcan\u00e7ou mais uma marca importante. O\u00a0<a href=\"http:\/\/www.mg.gov.br\/\" target=\"_blank\" rel=\"noopener\">Governo de Minas<\/a>\u00a0reconheceu o 50\u00ba Arranjo Produtivo Local (APL), o setor de Asas Rotativas e de Defesa em Itajub\u00e1, no Sul de Minas. O munic\u00edpio concentra 44 empresas do segmento que, juntas, geram 5 mil empregos diretos e faturam R$ 1 bilh\u00e3o por ano. O Brasil \u00e9 um dos maiores mercados de helic\u00f3pteros do mundo.<\/p>\n<p>O APL \u00e9 um conjunto de empresas localizadas em um mesmo territ\u00f3rio, que apresentam especializa\u00e7\u00e3o produtiva e mant\u00eam v\u00ednculos de articula\u00e7\u00e3o, intera\u00e7\u00e3o, coopera\u00e7\u00e3o e aprendizagem entre si e com outros atores locais, tais como: governo, associa\u00e7\u00f5es empresariais, institui\u00e7\u00f5es de cr\u00e9dito, ensino e pesquisa. Em Minas, os 50 arranjos est\u00e3o presentes em 243 munic\u00edpios, re\u00fanem 32 mil empresas que geram 144 mil empregos diretos.<\/p>\n<p>O APL de Asas Rotativas e de Defesa conta com empresas como Helibras, l\u00edder mundial nos segmentos aeroespacial; Imbel, estatal brasileira fabricante de armamentos port\u00e1teis; Xmobots, maior empresa latino-americana especializada no desenvolvimento e fabrica\u00e7\u00e3o de drones, e a Aerotron, premiada como o melhor fornecedor da Embraer na \u00e1rea de defesa em 2021.<\/p>\n<p><strong>Estrutura\u00e7\u00e3o<\/strong><\/p>\n<p>O diretor de Projetos de Desenvolvimento Local da\u00a0<a href=\"http:\/\/www.desenvolvimento.mg.gov.br\/\" target=\"_blank\" rel=\"noopener\">Secretaria de Estado de Desenvolvimento Econ\u00f4mico (Sede)<\/a>, Fernando Abreu, explicou que o primeiro passo para o reconhecimento \u00e9 o setor ter uma governan\u00e7a validada pelas empresas.<\/p>\n<p>\u201cEm seguida, \u00e9 feita uma avalia\u00e7\u00e3o socioecon\u00f4mica tanto do arranjo quanto da regi\u00e3o onde o APL se encontra para identificar como ser\u00e1 classificado. Ele pode ser um arranjo em estrutura\u00e7\u00e3o, em consolida\u00e7\u00e3o, consolidado e pleno\u201d, explicou.<\/p>\n<p><strong>Associativismo<\/strong><\/p>\n<p>Segundo Fernando Abreu, a maior vantagem de um APL \u00e9 o associativismo. \u201cO grupo de empresas passa a ter um porta-voz e representatividade, al\u00e9m de participar de programas de fomento do estado e do governo federal\u201d, disse.<\/p>\n<p>As empresas tamb\u00e9m contam com o apoio de entidades como a Fiemg, Sebrae, Ocemg e FCDL, por exemplo, que ajudam a fortalecer as cadeias produtivas com maior gera\u00e7\u00e3o de emprego e renda.<\/p>\n<p>Fonte: Ag\u00eancia Minas<\/p>\n","protected":false},"excerpt":{"rendered":"<p>A economia de Minas Gerais alcan\u00e7ou mais uma marca importante. O\u00a0Governo de Minas\u00a0reconheceu o 50\u00ba Arranjo Produtivo Local (APL), o setor de Asas Rotativas e de Defesa em Itajub\u00e1, no Sul de Minas. O munic\u00edpio concentra 44 empresas do segmento que, juntas, geram 5 mil empregos diretos e faturam R$ 1 bilh\u00e3o por ano. O [&hellip;]<\/p>\n","protected":false},"author":246,"featured_media":196811,"comment_status":"closed","ping_status":"closed","sticky":false,"template":"","format":"standard","meta":{"footnotes":""},"categories":[436,440,254,439],"tags":[],"class_list":["post-196810","post","type-post","status-publish","format-standard","has-post-thumbnail","hentry","category-destaque-da-semana","category-destaques-do-dia","category-politica","category-ultima-hora"],"_links":{"self":[{"href":"https:\/\/diarioregionaldigital.com.br\/index.php?rest_route=\/wp\/v2\/posts\/196810","targetHints":{"allow":["GET"]}}],"collection":[{"href":"https:\/\/diarioregionaldigital.com.br\/index.php?rest_route=\/wp\/v2\/posts"}],"about":[{"href":"https:\/\/diarioregionaldigital.com.br\/index.php?rest_route=\/wp\/v2\/types\/post"}],"author":[{"embeddable":true,"href":"https:\/\/diarioregionaldigital.com.br\/index.php?rest_route=\/wp\/v2\/users\/246"}],"replies":[{"embeddable":true,"href":"https:\/\/diarioregionaldigital.com.br\/index.php?rest_route=%2Fwp%2Fv2%2Fcomments&post=196810"}],"version-history":[{"count":2,"href":"https:\/\/diarioregionaldigital.com.br\/index.php?rest_route=\/wp\/v2\/posts\/196810\/revisions"}],"predecessor-version":[{"id":196813,"href":"https:\/\/diarioregionaldigital.com.br\/index.php?rest_route=\/wp\/v2\/posts\/196810\/revisions\/196813"}],"wp:featuredmedia":[{"embeddable":true,"href":"https:\/\/diarioregionaldigital.com.br\/index.php?rest_route=\/wp\/v2\/media\/196811"}],"wp:attachment":[{"href":"https:\/\/diarioregionaldigital.com.br\/index.php?rest_route=%2Fwp%2Fv2%2Fmedia&parent=196810"}],"wp:term":[{"taxonomy":"category","embeddable":true,"href":"https:\/\/diarioregionaldigital.com.br\/index.php?rest_route=%2Fwp%2Fv2%2Fcategories&post=196810"},{"taxonomy":"post_tag","embeddable":true,"href":"https:\/\/diarioregionaldigital.com.br\/index.php?rest_route=%2Fwp%2Fv2%2Ftags&post=196810"}],"curies":[{"name":"wp","href":"https:\/\/api.w.org\/{rel}","templated":true}]}}