{"id":196803,"date":"2022-03-28T18:58:02","date_gmt":"2022-03-28T21:58:02","guid":{"rendered":"https:\/\/diarioregionaldigital.com.br\/?p=196803"},"modified":"2022-03-28T18:58:02","modified_gmt":"2022-03-28T21:58:02","slug":"mercado-aumenta-pela-11a-vez-projecao-para-a-inflacao-neste-ano","status":"publish","type":"post","link":"https:\/\/diarioregionaldigital.com.br\/?p=196803","title":{"rendered":"Mercado aumenta pela 11\u00aa vez proje\u00e7\u00e3o para a infla\u00e7\u00e3o neste ano"},"content":{"rendered":"<p>O mercado financeiro aumentou pela 11\u00aa vez consecutiva a previs\u00e3o de infla\u00e7\u00e3o para este ano. Segundo proje\u00e7\u00e3o do Boletim Focus, divulgada hoje (28) pelo Banco Central, o \u00cdndice de Pre\u00e7os ao Consumidor Amplo (IPCA) deve fechar este ano em 6,86%. H\u00e1 uma semana, a proje\u00e7\u00e3o do mercado era de que a infla\u00e7\u00e3o este ano ficasse em 6,59%%. H\u00e1 quatro semanas, a previs\u00e3o era de 5,6%.<img decoding=\"async\" src=\"https:\/\/agenciabrasil.ebc.com.br\/ebc.png?id=1450744&amp;o=node\" \/><img decoding=\"async\" src=\"https:\/\/agenciabrasil.ebc.com.br\/ebc.gif?id=1450744&amp;o=node\" \/><\/p>\n<p>Divulgado semanalmente, o Boletim Focus re\u00fane a proje\u00e7\u00e3o de mais de 100 institui\u00e7\u00f5es do mercado para os principais indicadores econ\u00f4micos do pa\u00eds. Para 2023, o mercado tamb\u00e9m aumentou a proje\u00e7\u00e3o da varia\u00e7\u00e3o do IPCA. Com isso, a proje\u00e7\u00e3o desta semana aponta uma infla\u00e7\u00e3o de 3,8% ante os 3,75% projetados na semana passada. H\u00e1 quatro semanas, a proje\u00e7\u00e3o era de uma infla\u00e7\u00e3o de 3,51% no pr\u00f3ximo ano.<\/p>\n<p>Para 2024, o mercado tamb\u00e9m aumentou a estimativa da semana passada e projetou uma infla\u00e7\u00e3o de 3,2%, ante os 3,15% da semana passada.<\/p>\n<h2>PIB<\/h2>\n<p>Na proje\u00e7\u00e3o desta semana, o Focus manteve a previs\u00e3o do Produto Interno Bruto (PIB, soma dos bens e dos servi\u00e7os produzidos no pa\u00eds) registrada h\u00e1 sete dias. Com isso, a proje\u00e7\u00e3o para 2022 est\u00e1 em 0,5%.<\/p>\n<p>Para 2023, entretanto, o Boletim Focus tamb\u00e9m manteve a previs\u00e3o da semana passada, de um crescimento na economia de 1,3%. H\u00e1 quatro semanas, a previs\u00e3o era de que o PIB crescesse 1,5%. Para 2024, a proje\u00e7\u00e3o ficou est\u00e1vel, em 2%.<\/p>\n<h2>Taxa de juros e c\u00e2mbio<\/h2>\n<p>O mercado tamb\u00e9m manteve a previs\u00e3o da semana passada para a taxa b\u00e1sica de juros, a Selic, para 2022. Na proje\u00e7\u00e3o divulgada nesta segunda-feira, a Selic deve ficar em 13%.<\/p>\n<p><a href=\"https:\/\/agenciabrasil.ebc.com.br\/economia\/noticia\/2022-03\/copom-eleva-juros-basicos-da-economia-para-1175-ao-ano\" target=\"_blank\" rel=\"noopener\">No dia 16, o Comit\u00ea de Pol\u00edtica Monet\u00e1ria (Copom) elevou a taxa Selic<\/a>, de 10,75% para 11,75% ao ano, como forma reduzir a atividade econ\u00f4mica e conter a alta nos pre\u00e7os.<\/p>\n<p>Para o fim de 2023, a estimativa do mercado para a Selic \u00e9 que a taxa b\u00e1sica fique em 9% ao ano, mesma proje\u00e7\u00e3o da semana passada. Para 2024, a previs\u00e3o da Selic se manteve est\u00e1vel em rela\u00e7\u00e3o \u00e0 semana passada, ficando em 7,5% ao ano.<\/p>\n<p>No que diz respeito ao c\u00e2mbio, a expectativa do mercado para a cota\u00e7\u00e3o do d\u00f3lar em 2022 diminuiu, ficando em R$ 5,25, ante os R$ 5,30, da semana passada.<\/p>\n<p>Para o pr\u00f3ximo ano, a previs\u00e3o do mercado tamb\u00e9m apresentou uma queda na proje\u00e7\u00e3o do c\u00e2mbio, em rela\u00e7\u00e3o ao divulgado na semana anterior. Com isso, a proje\u00e7\u00e3o passou de R$ 5,22 para R$ 5,20, esta semana. Para 2024, a estimativa para a cota\u00e7\u00e3o da moeda americana ficou em R$ 5,20.<\/p>\n<p>Fonte: Ag\u00eancia Brasil<\/p>\n","protected":false},"excerpt":{"rendered":"<p>O mercado financeiro aumentou pela 11\u00aa vez consecutiva a previs\u00e3o de infla\u00e7\u00e3o para este ano. Segundo proje\u00e7\u00e3o do Boletim Focus, divulgada hoje (28) pelo Banco Central, o \u00cdndice de Pre\u00e7os ao Consumidor Amplo (IPCA) deve fechar este ano em 6,86%. H\u00e1 uma semana, a proje\u00e7\u00e3o do mercado era de que a infla\u00e7\u00e3o este ano ficasse [&hellip;]<\/p>\n","protected":false},"author":246,"featured_media":196804,"comment_status":"closed","ping_status":"closed","sticky":false,"template":"","format":"standard","meta":{"footnotes":""},"categories":[436,261,439],"tags":[],"class_list":["post-196803","post","type-post","status-publish","format-standard","has-post-thumbnail","hentry","category-destaque-da-semana","category-economia","category-ultima-hora"],"_links":{"self":[{"href":"https:\/\/diarioregionaldigital.com.br\/index.php?rest_route=\/wp\/v2\/posts\/196803","targetHints":{"allow":["GET"]}}],"collection":[{"href":"https:\/\/diarioregionaldigital.com.br\/index.php?rest_route=\/wp\/v2\/posts"}],"about":[{"href":"https:\/\/diarioregionaldigital.com.br\/index.php?rest_route=\/wp\/v2\/types\/post"}],"author":[{"embeddable":true,"href":"https:\/\/diarioregionaldigital.com.br\/index.php?rest_route=\/wp\/v2\/users\/246"}],"replies":[{"embeddable":true,"href":"https:\/\/diarioregionaldigital.com.br\/index.php?rest_route=%2Fwp%2Fv2%2Fcomments&post=196803"}],"version-history":[{"count":2,"href":"https:\/\/diarioregionaldigital.com.br\/index.php?rest_route=\/wp\/v2\/posts\/196803\/revisions"}],"predecessor-version":[{"id":196806,"href":"https:\/\/diarioregionaldigital.com.br\/index.php?rest_route=\/wp\/v2\/posts\/196803\/revisions\/196806"}],"wp:featuredmedia":[{"embeddable":true,"href":"https:\/\/diarioregionaldigital.com.br\/index.php?rest_route=\/wp\/v2\/media\/196804"}],"wp:attachment":[{"href":"https:\/\/diarioregionaldigital.com.br\/index.php?rest_route=%2Fwp%2Fv2%2Fmedia&parent=196803"}],"wp:term":[{"taxonomy":"category","embeddable":true,"href":"https:\/\/diarioregionaldigital.com.br\/index.php?rest_route=%2Fwp%2Fv2%2Fcategories&post=196803"},{"taxonomy":"post_tag","embeddable":true,"href":"https:\/\/diarioregionaldigital.com.br\/index.php?rest_route=%2Fwp%2Fv2%2Ftags&post=196803"}],"curies":[{"name":"wp","href":"https:\/\/api.w.org\/{rel}","templated":true}]}}