{"id":196795,"date":"2022-03-28T18:53:27","date_gmt":"2022-03-28T21:53:27","guid":{"rendered":"https:\/\/diarioregionaldigital.com.br\/?p=196795"},"modified":"2022-03-28T18:53:27","modified_gmt":"2022-03-28T21:53:27","slug":"inflacao-da-construcao-e-de-073-em-marco","status":"publish","type":"post","link":"https:\/\/diarioregionaldigital.com.br\/?p=196795","title":{"rendered":"Infla\u00e7\u00e3o da constru\u00e7\u00e3o \u00e9 de 0,73% em mar\u00e7o"},"content":{"rendered":"<p>O\u00a0\u00cdndice Nacional de Custo da Constru\u00e7\u00e3o-M (INCC-M), medido pela Funda\u00e7\u00e3o Getulio Vargas (FGV), registrou infla\u00e7\u00e3o de\u00a00,73% em mar\u00e7o. O resultado \u00e9 maior que o de fevereiro (0,48%), mas menor que o de mar\u00e7o de 2021 (2%).<img decoding=\"async\" src=\"https:\/\/agenciabrasil.ebc.com.br\/ebc.png?id=1450734&amp;o=node\" \/><img decoding=\"async\" src=\"https:\/\/agenciabrasil.ebc.com.br\/ebc.gif?id=1450734&amp;o=node\" \/><\/p>\n<p>Assim, o INCC-M acumula infla\u00e7\u00e3o de 1,85% no ano e 11,63% em 12 meses. A m\u00e3o de obra ficou 1,12% mais cara em mar\u00e7o. Em fevereiro, a varia\u00e7\u00e3o de pre\u00e7os havia ficado em 0,19%.<\/p>\n<p>Os materiais, equipamentos e servi\u00e7os tiveram infla\u00e7\u00e3o menor. Os servi\u00e7os passaram de 1,69% em fevereiro para 0,79% em mar\u00e7o. J\u00e1 a taxa dos materiais e equipamentos recuou de 0,56% para 0,29% no per\u00edodo.<\/p>\n<p>Fonte: Ag\u00eancia Brasil<\/p>\n","protected":false},"excerpt":{"rendered":"<p>O\u00a0\u00cdndice Nacional de Custo da Constru\u00e7\u00e3o-M (INCC-M), medido pela Funda\u00e7\u00e3o Getulio Vargas (FGV), registrou infla\u00e7\u00e3o de\u00a00,73% em mar\u00e7o. O resultado \u00e9 maior que o de fevereiro (0,48%), mas menor que o de mar\u00e7o de 2021 (2%). Assim, o INCC-M acumula infla\u00e7\u00e3o de 1,85% no ano e 11,63% em 12 meses. A m\u00e3o de obra ficou [&hellip;]<\/p>\n","protected":false},"author":246,"featured_media":196796,"comment_status":"closed","ping_status":"closed","sticky":false,"template":"","format":"standard","meta":{"footnotes":""},"categories":[436,440,261,439],"tags":[],"class_list":["post-196795","post","type-post","status-publish","format-standard","has-post-thumbnail","hentry","category-destaque-da-semana","category-destaques-do-dia","category-economia","category-ultima-hora"],"_links":{"self":[{"href":"https:\/\/diarioregionaldigital.com.br\/index.php?rest_route=\/wp\/v2\/posts\/196795","targetHints":{"allow":["GET"]}}],"collection":[{"href":"https:\/\/diarioregionaldigital.com.br\/index.php?rest_route=\/wp\/v2\/posts"}],"about":[{"href":"https:\/\/diarioregionaldigital.com.br\/index.php?rest_route=\/wp\/v2\/types\/post"}],"author":[{"embeddable":true,"href":"https:\/\/diarioregionaldigital.com.br\/index.php?rest_route=\/wp\/v2\/users\/246"}],"replies":[{"embeddable":true,"href":"https:\/\/diarioregionaldigital.com.br\/index.php?rest_route=%2Fwp%2Fv2%2Fcomments&post=196795"}],"version-history":[{"count":2,"href":"https:\/\/diarioregionaldigital.com.br\/index.php?rest_route=\/wp\/v2\/posts\/196795\/revisions"}],"predecessor-version":[{"id":196798,"href":"https:\/\/diarioregionaldigital.com.br\/index.php?rest_route=\/wp\/v2\/posts\/196795\/revisions\/196798"}],"wp:featuredmedia":[{"embeddable":true,"href":"https:\/\/diarioregionaldigital.com.br\/index.php?rest_route=\/wp\/v2\/media\/196796"}],"wp:attachment":[{"href":"https:\/\/diarioregionaldigital.com.br\/index.php?rest_route=%2Fwp%2Fv2%2Fmedia&parent=196795"}],"wp:term":[{"taxonomy":"category","embeddable":true,"href":"https:\/\/diarioregionaldigital.com.br\/index.php?rest_route=%2Fwp%2Fv2%2Fcategories&post=196795"},{"taxonomy":"post_tag","embeddable":true,"href":"https:\/\/diarioregionaldigital.com.br\/index.php?rest_route=%2Fwp%2Fv2%2Ftags&post=196795"}],"curies":[{"name":"wp","href":"https:\/\/api.w.org\/{rel}","templated":true}]}}