{"id":196787,"date":"2022-03-27T06:00:31","date_gmt":"2022-03-27T09:00:31","guid":{"rendered":"https:\/\/diarioregionaldigital.com.br\/?p=196787"},"modified":"2022-03-26T00:36:55","modified_gmt":"2022-03-26T03:36:55","slug":"educacao-pos-pandemia","status":"publish","type":"post","link":"https:\/\/diarioregionaldigital.com.br\/?p=196787","title":{"rendered":"Educa\u00e7\u00e3o P\u00f3s-Pandemia"},"content":{"rendered":"<p>Por iniciativa do Dr. Ernane Galv\u00eaas, que dirige o Conselho T\u00e9cnico da Confedera\u00e7\u00e3o Nacional do Com\u00e9rcio de Bens, Servi\u00e7os e Turismo, \u00a0realizei uma palestra sobre \u201cEduca\u00e7\u00e3o p\u00f3s-pandemia\u201d. Ap\u00f3s minhas considera\u00e7\u00f5es, revezaram-se diversos oradores, com uma penca de temas pertinentes.<\/p>\n<p>Arno Wehling concordou com as cr\u00edticas feitas ao MEC, sobretudo pela omiss\u00e3o em rela\u00e7\u00e3o ao preparo dos docentes. O Conselheiro Ant\u00f4nio Celso fez algumas recorda\u00e7\u00f5es dos nossos tempos de UERJ (quase 40 anos) e defendeu \u00a0ardorosamente a inclus\u00e3o digital, tema que foi depois muito repetido.<\/p>\n<p>A falta de internet para todos foi um tema recorrente. Falou-se tamb\u00e9m na necessidade de implanta\u00e7\u00e3o do ensino t\u00e9cnico, que se tornou uma grande e inadi\u00e1vel prioridade. Depois, focalizou-se o ensino \u00e0 dist\u00e2ncia, hoje uma realidade. Mas \u00a0como preparar os futuros enfermeiros nessa \u00a0modalidade?<\/p>\n<p>Asp\u00e1sia Camargo mostrou que a reforma \u00e9 necess\u00e1ria. \u201cH\u00e1 muitas portarias e poucas leis.\u201d Ela defende a tese de que o dinheiro hoje mal utilizado pelo MEC deveria ser distribu\u00eddo \u00e0s Prefeituras e preconiza uma revis\u00e3o tecnol\u00f3gica.<\/p>\n<p>Marcos Azambuja, com o seu estilo muito pessoal, revela-se um pouco pessimista. Reclama que h\u00e1 uma ruptura de sentimentos entre pais e filhos: \u201cH\u00e1 compet\u00eancia, talento, mas falta chegar \u00e0s solu\u00e7\u00f5es.\u201d<\/p>\n<p>Aur\u00e9lio\u00a0 Wander , sempre muito seguro, lembrou o que fez Napole\u00e3o quando suspendeu \u00a0as \u00a0aulas de Moral e Pol\u00edtica. Hoje, temos de valorizar a digitaliza\u00e7\u00e3o do ensino. E assim cuidar da educa\u00e7\u00e3o do futuro.<\/p>\n<p>Joel Renn\u00f3 lembrou que tamb\u00e9m no setor da energia a educa\u00e7\u00e3o \u00e9 fundamental. Citou os feitos da firma finlandesa Nokia. Rubens Novaes, ex-presidente do Banco do Brasil, com apoio de Olga Simbalista, afirmou que o grande problema da educa\u00e7\u00e3o \u00e9 lidar competentemente com a crian\u00e7a. Trabalhar a sua capacidade cognitiva. Nelson Mello e Souza diz \u00a0que \u00e9 preciso aprender a pensar, tirando a crian\u00e7a do bin\u00f4mio mendic\u00e2ncia\/crime. Como se v\u00ea, numa simples sess\u00e3o da CNC, muitas id\u00e9ias foram surgindo, mostrando que h\u00e1 um vasto caminho a ser percorrido.<\/p>\n","protected":false},"excerpt":{"rendered":"<p>Por iniciativa do Dr. Ernane Galv\u00eaas, que dirige o Conselho T\u00e9cnico da Confedera\u00e7\u00e3o Nacional do Com\u00e9rcio de Bens, Servi\u00e7os e Turismo, \u00a0realizei uma palestra sobre \u201cEduca\u00e7\u00e3o p\u00f3s-pandemia\u201d. Ap\u00f3s minhas considera\u00e7\u00f5es, revezaram-se diversos oradores, com uma penca de temas pertinentes. Arno Wehling concordou com as cr\u00edticas feitas ao MEC, sobretudo pela omiss\u00e3o em rela\u00e7\u00e3o ao preparo [&hellip;]<\/p>\n","protected":false},"author":96,"featured_media":0,"comment_status":"closed","ping_status":"closed","sticky":false,"template":"","format":"standard","meta":{"footnotes":""},"categories":[275],"tags":[],"class_list":["post-196787","post","type-post","status-publish","format-standard","hentry","category-arnaldo-niskier"],"_links":{"self":[{"href":"https:\/\/diarioregionaldigital.com.br\/index.php?rest_route=\/wp\/v2\/posts\/196787","targetHints":{"allow":["GET"]}}],"collection":[{"href":"https:\/\/diarioregionaldigital.com.br\/index.php?rest_route=\/wp\/v2\/posts"}],"about":[{"href":"https:\/\/diarioregionaldigital.com.br\/index.php?rest_route=\/wp\/v2\/types\/post"}],"author":[{"embeddable":true,"href":"https:\/\/diarioregionaldigital.com.br\/index.php?rest_route=\/wp\/v2\/users\/96"}],"replies":[{"embeddable":true,"href":"https:\/\/diarioregionaldigital.com.br\/index.php?rest_route=%2Fwp%2Fv2%2Fcomments&post=196787"}],"version-history":[{"count":1,"href":"https:\/\/diarioregionaldigital.com.br\/index.php?rest_route=\/wp\/v2\/posts\/196787\/revisions"}],"predecessor-version":[{"id":196788,"href":"https:\/\/diarioregionaldigital.com.br\/index.php?rest_route=\/wp\/v2\/posts\/196787\/revisions\/196788"}],"wp:attachment":[{"href":"https:\/\/diarioregionaldigital.com.br\/index.php?rest_route=%2Fwp%2Fv2%2Fmedia&parent=196787"}],"wp:term":[{"taxonomy":"category","embeddable":true,"href":"https:\/\/diarioregionaldigital.com.br\/index.php?rest_route=%2Fwp%2Fv2%2Fcategories&post=196787"},{"taxonomy":"post_tag","embeddable":true,"href":"https:\/\/diarioregionaldigital.com.br\/index.php?rest_route=%2Fwp%2Fv2%2Ftags&post=196787"}],"curies":[{"name":"wp","href":"https:\/\/api.w.org\/{rel}","templated":true}]}}