{"id":196769,"date":"2022-03-25T16:39:00","date_gmt":"2022-03-25T19:39:00","guid":{"rendered":"https:\/\/diarioregionaldigital.com.br\/?p=196769"},"modified":"2022-03-26T00:34:01","modified_gmt":"2022-03-26T03:34:01","slug":"convocacao-cotresa-s-a-25-03-2022","status":"publish","type":"post","link":"https:\/\/diarioregionaldigital.com.br\/?p=196769","title":{"rendered":"Convoca\u00e7\u00e3o &#8211; Cotresa S\/A &#8211; 27\/03\/2022"},"content":{"rendered":"<p style=\"text-align: center;\"><strong><u>COTRESA S\/A \u2013 CNPJ: 21.557.889\/0001-82<\/u><\/strong><\/p>\n<p style=\"text-align: center;\"><strong><u>AVISO AOS ACIONISTAS<\/u><\/strong><\/p>\n<p style=\"text-align: left;\">Acham-se \u00e0 disposi\u00e7\u00e3o dos Senhores Acionistas, na Rua Marechal Floriano Peixoto, 521, Centro, Juiz de Fora \u2013 MG, CEP. 36015-440, de segunda \u00e0 sexta-feira, no hor\u00e1rio das 09H:00 at\u00e9 12H:00, os documentos a que se refere o art. 133, da Lei 6.404\/76, relativos ao exerc\u00edcio de 2021.<\/p>\n<p style=\"text-align: center;\"><strong><u>EDITAL DE CONVOCA\u00c7\u00c3O<\/u><\/strong><\/p>\n<p style=\"text-align: center;\"><strong><u>ASSEMBL\u00c9IA GERAL ORDIN\u00c1RIA<\/u><\/strong><\/p>\n<p style=\"text-align: left;\">De conformidade com o Estatuto Social e, ainda, observados os dispositivos da Lei 6.404\/76, ficam os Senhores Acionistas da sociedade COTRESA S\/A convocados para participarem da Assembl\u00e9ia Geral Ordin\u00e1ria a ser realizada na Rua Marechal Floriano Peixoto, 521, Centro, Juiz de Fora \u2013 MG, CEP. 36015-440, \u00e0s 11h:00, do dia 26 de abril de 2022, para deliberarem sobre a seguinte ordem do dia:<\/p>\n<p style=\"text-align: left;\">1\u00ba) Examinar, discutir e votar a Presta\u00e7\u00e3o de Contas, o Relat\u00f3rio da Diretoria e as Demonstra\u00e7\u00f5es Financeiras do Balan\u00e7o encerrado em 31.12.2021.<\/p>\n<p style=\"text-align: left;\">2\u00ba) Deliberar sobre a destina\u00e7\u00e3o de lucros l\u00edquidos.<\/p>\n<p style=\"text-align: left;\">3\u00ba) Assuntos gerais.<\/p>\n<p style=\"text-align: center;\">Juiz de Fora, 25 de mar\u00e7o de 2022.<\/p>\n<p style=\"text-align: center;\"><strong>Walter Abizaid J\u00fanior<\/strong><\/p>\n<p style=\"text-align: center;\"><strong>Diretor Superintendente<\/strong><\/p>\n","protected":false},"excerpt":{"rendered":"<p>COTRESA S\/A \u2013 CNPJ: 21.557.889\/0001-82 AVISO AOS ACIONISTAS Acham-se \u00e0 disposi\u00e7\u00e3o dos Senhores Acionistas, na Rua Marechal Floriano Peixoto, 521, Centro, Juiz de Fora \u2013 MG, CEP. 36015-440, de segunda \u00e0 sexta-feira, no hor\u00e1rio das 09H:00 at\u00e9 12H:00, os documentos a que se refere o art. 133, da Lei 6.404\/76, relativos ao exerc\u00edcio de 2021. [&hellip;]<\/p>\n","protected":false},"author":96,"featured_media":0,"comment_status":"closed","ping_status":"closed","sticky":false,"template":"","format":"standard","meta":{"footnotes":""},"categories":[307],"tags":[],"class_list":["post-196769","post","type-post","status-publish","format-standard","hentry","category-editais"],"_links":{"self":[{"href":"https:\/\/diarioregionaldigital.com.br\/index.php?rest_route=\/wp\/v2\/posts\/196769","targetHints":{"allow":["GET"]}}],"collection":[{"href":"https:\/\/diarioregionaldigital.com.br\/index.php?rest_route=\/wp\/v2\/posts"}],"about":[{"href":"https:\/\/diarioregionaldigital.com.br\/index.php?rest_route=\/wp\/v2\/types\/post"}],"author":[{"embeddable":true,"href":"https:\/\/diarioregionaldigital.com.br\/index.php?rest_route=\/wp\/v2\/users\/96"}],"replies":[{"embeddable":true,"href":"https:\/\/diarioregionaldigital.com.br\/index.php?rest_route=%2Fwp%2Fv2%2Fcomments&post=196769"}],"version-history":[{"count":2,"href":"https:\/\/diarioregionaldigital.com.br\/index.php?rest_route=\/wp\/v2\/posts\/196769\/revisions"}],"predecessor-version":[{"id":196784,"href":"https:\/\/diarioregionaldigital.com.br\/index.php?rest_route=\/wp\/v2\/posts\/196769\/revisions\/196784"}],"wp:attachment":[{"href":"https:\/\/diarioregionaldigital.com.br\/index.php?rest_route=%2Fwp%2Fv2%2Fmedia&parent=196769"}],"wp:term":[{"taxonomy":"category","embeddable":true,"href":"https:\/\/diarioregionaldigital.com.br\/index.php?rest_route=%2Fwp%2Fv2%2Fcategories&post=196769"},{"taxonomy":"post_tag","embeddable":true,"href":"https:\/\/diarioregionaldigital.com.br\/index.php?rest_route=%2Fwp%2Fv2%2Ftags&post=196769"}],"curies":[{"name":"wp","href":"https:\/\/api.w.org\/{rel}","templated":true}]}}