{"id":196763,"date":"2022-03-25T11:29:31","date_gmt":"2022-03-25T14:29:31","guid":{"rendered":"https:\/\/diarioregionaldigital.com.br\/?p=196763"},"modified":"2022-03-25T11:29:31","modified_gmt":"2022-03-25T14:29:31","slug":"rua-de-brincar-sera-inaugurada-no-bairro-ponte-preta-neste-domingo","status":"publish","type":"post","link":"https:\/\/diarioregionaldigital.com.br\/?p=196763","title":{"rendered":"Rua de Brincar ser\u00e1 inaugurada no bairro Ponte Preta neste domingo"},"content":{"rendered":"<p>Segundo informa\u00e7\u00f5es do site da Prefeitura de Juiz de Fora, a partir deste domingo, 27, o Rua de Brincar chegar\u00e1 a mais um bairro de Juiz de Fora. A Avenida Gabriel Sobreira, no bairro Ponte Preta, ser\u00e1 palco de brincadeiras para os moradores da Zona Norte.<\/p>\n<p>O Rua de Brincar \u00e9 uma iniciativa do Programa Boniteza, coordenado pela Secretaria de Governo (SG). O intuito \u00e9 criar espa\u00e7os democr\u00e1ticos de lazer em Juiz de Fora, atendendo pessoas de todas as idades e ampliando o sentimento de pertencimento da comunidade diante do espa\u00e7o p\u00fablico.<\/p>\n<p>Para garantir o ambiente de lazer, o ch\u00e3o da Avenida Gabriel Sobreira est\u00e1 sendo pintado nesta quinta-feira, 24. Al\u00e9m de deixar a via mais colorida, as pinturas tamb\u00e9m tornar\u00e3o poss\u00edveis brincadeiras e pr\u00e1ticas esportivas. A a\u00e7\u00e3o acontece todos os domingos, e a via ser\u00e1 interditada para o tr\u00e2nsito de ve\u00edculos de 8h \u00e0s 12h.<\/p>\n<p>Para a inaugura\u00e7\u00e3o da Rua de Brincar no bairro Ponte Preta deste domingo, 27, a PJF levar\u00e1 atra\u00e7\u00f5es como ping pong, pula pula, tobog\u00e3 infl\u00e1vel, sinuca e tot\u00f3. A secret\u00e1ria de governo, Cidinha Louzada, destaca a import\u00e2ncia do projeto. \u201cPensamos o Rua de Brincar como uma possibilidade das pessoas se apropriarem novamente do espa\u00e7o p\u00fablico e terem mais op\u00e7\u00e3o de lazer pr\u00f3ximo de casa. Sempre dialogamos com a comunidade e fico muito feliz em ver que o projeto est\u00e1 sendo abra\u00e7ado pela popula\u00e7\u00e3o\u201d, afirma.<\/p>\n<p>A associa\u00e7\u00e3o de moradores do bairro est\u00e1 atuando como parceira no projeto e proporcionar\u00e1 brincadeiras como boliche, futebol de bot\u00e3o e futebol de prego, al\u00e9m de disponibilizar carrinhos de algod\u00e3o doce e de pipoca durante a manh\u00e3 deste domingo, 27.<\/p>\n<p>&nbsp;<\/p>\n<p><strong>Avenida Brasil\u00a0<\/strong><\/p>\n<p>Na Avenida Brasil, o projeto \u00e9 realizado entre o trecho da Rua Benjamin Constant e a Rua Mal, na Setembrino de Carvalho (Ponte do Ladeira). A comunidade poder\u00e1 usufruir do espa\u00e7o para a pr\u00e1tica de diversas atividades f\u00edsicas e de lazer, como passeios de bicicletas, corridas e outras brincadeiras. O tr\u00e2nsito de ve\u00edculos estar\u00e1 interditado das 7h \u00e0s 12h.<\/p>\n<p><strong>Bairro Santa Cruz<\/strong><\/p>\n<p>Com pinturas nas vias para a realiza\u00e7\u00e3o de atividades, a circula\u00e7\u00e3o de ve\u00edculos na Rua Sebasti\u00e3o Schneider (Rua do Caic), no Santa Cruz, fica impedida de 8h at\u00e9 \u00e0s 12h.<br \/>\n<strong>Bairro Retiro<\/strong><\/p>\n<p>De 8h \u00e0s 12h, a Rua Aladim Silva &#8211; localizado no bairro Retiro &#8211; \u00e9 espa\u00e7o para a divers\u00e3o dos moradores. As vias ficam fechadas para o tr\u00e2nsito de ve\u00edculos.<br \/>\n<strong>Programa Boniteza<\/strong><\/p>\n<p>Coordenado pela Secretaria de Governo (SG), o Programa Boniteza \u00e9 desenvolvido atrav\u00e9s de uma a\u00e7\u00e3o integrada entre Secretaria de Obras (SO); Secretaria de Sustentabilidade em Meio Ambiente e Atividades Urbanas (Sesmaur); Secretaria de Seguran\u00e7a Urbana e Cidadania (Sesuc); Secretaria de Mobilidade Urbana (SMU); Secretaria de Planejamento Urbano (Sepur); Secretaria de Turismo (Setur); Secretaria de Assist\u00eancia Social (SAS); Secretaria de Sa\u00fade (SS); Secretaria Especial de Direitos Humanos (SEDH); Secretaria da Fazenda (SF); Secretaria de Comunica\u00e7\u00e3o Social (Secom); Secretaria de Agricultura, Pecu\u00e1ria e Abastecimento (Seapa); Secretaria de Esporte e Lazer (SEL); Empresa Municipal de Pavimenta\u00e7\u00e3o e Urbaniza\u00e7\u00e3o (Empav); Departamento Municipal de Limpeza Urbana (Demlurb); Companhia de Saneamento Municipal (Cesama); e Funda\u00e7\u00e3o Cultural Alfredo Ferreira Lage (Funalfa).<\/p>\n","protected":false},"excerpt":{"rendered":"<p>Segundo informa\u00e7\u00f5es do site da Prefeitura de Juiz de Fora, a partir deste domingo, 27, o Rua de Brincar chegar\u00e1 a mais um bairro de Juiz de Fora. A Avenida Gabriel Sobreira, no bairro Ponte Preta, ser\u00e1 palco de brincadeiras para os moradores da Zona Norte. O Rua de Brincar \u00e9 uma iniciativa do Programa [&hellip;]<\/p>\n","protected":false},"author":246,"featured_media":196764,"comment_status":"closed","ping_status":"closed","sticky":false,"template":"","format":"standard","meta":{"footnotes":""},"categories":[253,436,439],"tags":[],"class_list":["post-196763","post","type-post","status-publish","format-standard","has-post-thumbnail","hentry","category-cidade","category-destaque-da-semana","category-ultima-hora"],"_links":{"self":[{"href":"https:\/\/diarioregionaldigital.com.br\/index.php?rest_route=\/wp\/v2\/posts\/196763","targetHints":{"allow":["GET"]}}],"collection":[{"href":"https:\/\/diarioregionaldigital.com.br\/index.php?rest_route=\/wp\/v2\/posts"}],"about":[{"href":"https:\/\/diarioregionaldigital.com.br\/index.php?rest_route=\/wp\/v2\/types\/post"}],"author":[{"embeddable":true,"href":"https:\/\/diarioregionaldigital.com.br\/index.php?rest_route=\/wp\/v2\/users\/246"}],"replies":[{"embeddable":true,"href":"https:\/\/diarioregionaldigital.com.br\/index.php?rest_route=%2Fwp%2Fv2%2Fcomments&post=196763"}],"version-history":[{"count":1,"href":"https:\/\/diarioregionaldigital.com.br\/index.php?rest_route=\/wp\/v2\/posts\/196763\/revisions"}],"predecessor-version":[{"id":196765,"href":"https:\/\/diarioregionaldigital.com.br\/index.php?rest_route=\/wp\/v2\/posts\/196763\/revisions\/196765"}],"wp:featuredmedia":[{"embeddable":true,"href":"https:\/\/diarioregionaldigital.com.br\/index.php?rest_route=\/wp\/v2\/media\/196764"}],"wp:attachment":[{"href":"https:\/\/diarioregionaldigital.com.br\/index.php?rest_route=%2Fwp%2Fv2%2Fmedia&parent=196763"}],"wp:term":[{"taxonomy":"category","embeddable":true,"href":"https:\/\/diarioregionaldigital.com.br\/index.php?rest_route=%2Fwp%2Fv2%2Fcategories&post=196763"},{"taxonomy":"post_tag","embeddable":true,"href":"https:\/\/diarioregionaldigital.com.br\/index.php?rest_route=%2Fwp%2Fv2%2Ftags&post=196763"}],"curies":[{"name":"wp","href":"https:\/\/api.w.org\/{rel}","templated":true}]}}