{"id":196759,"date":"2022-03-25T11:28:12","date_gmt":"2022-03-25T14:28:12","guid":{"rendered":"https:\/\/diarioregionaldigital.com.br\/?p=196759"},"modified":"2022-03-25T11:28:12","modified_gmt":"2022-03-25T14:28:12","slug":"bairro-grama-recebe-150-metros-de-novas-redes-de-esgoto","status":"publish","type":"post","link":"https:\/\/diarioregionaldigital.com.br\/?p=196759","title":{"rendered":"Bairro Grama recebe 150 metros de novas redes de esgoto"},"content":{"rendered":"<p>Segundo informa\u00e7\u00f5es do site da Prefeitura de Juiz de Fora, nesta sexta-feira, 25, a Companhia de Saneamento Municipal (Cesama) da Prefeitura de Juiz de Fora (PJF) deu in\u00edcio \u00e0s obras de remodela\u00e7\u00e3o de 150m da rede de esgoto da Travessa \u00c2ngelo Freguglia, no Bairro Grama. O objetivo \u00e9 refor\u00e7ar o sistema de coleta local com uma nova tubula\u00e7\u00e3o de PVC, com di\u00e2metro de 150mm. A previs\u00e3o \u00e9 de que a interven\u00e7\u00e3o seja finalizada at\u00e9 meados de abril.<\/p>\n<p>As a\u00e7\u00f5es de remodela\u00e7\u00e3o s\u00e3o realizadas ao longo de todo o ano, seguindo programa\u00e7\u00e3o de prioridades, quando \u00e9 avaliada a necessidade de troca. Esta an\u00e1lise leva em conta a antiguidade e o desgaste do material, o fato de o dimensionamento da tubula\u00e7\u00e3o j\u00e1 n\u00e3o ser compat\u00edvel com o n\u00famero de im\u00f3veis atendidos e os transtornos causados aos usu\u00e1rios do sistema, al\u00e9m dos custos de manuten\u00e7\u00e3o.<\/p>\n","protected":false},"excerpt":{"rendered":"<p>Segundo informa\u00e7\u00f5es do site da Prefeitura de Juiz de Fora, nesta sexta-feira, 25, a Companhia de Saneamento Municipal (Cesama) da Prefeitura de Juiz de Fora (PJF) deu in\u00edcio \u00e0s obras de remodela\u00e7\u00e3o de 150m da rede de esgoto da Travessa \u00c2ngelo Freguglia, no Bairro Grama. O objetivo \u00e9 refor\u00e7ar o sistema de coleta local com [&hellip;]<\/p>\n","protected":false},"author":246,"featured_media":196760,"comment_status":"closed","ping_status":"closed","sticky":false,"template":"","format":"standard","meta":{"footnotes":""},"categories":[253,436,439],"tags":[],"class_list":["post-196759","post","type-post","status-publish","format-standard","has-post-thumbnail","hentry","category-cidade","category-destaque-da-semana","category-ultima-hora"],"_links":{"self":[{"href":"https:\/\/diarioregionaldigital.com.br\/index.php?rest_route=\/wp\/v2\/posts\/196759","targetHints":{"allow":["GET"]}}],"collection":[{"href":"https:\/\/diarioregionaldigital.com.br\/index.php?rest_route=\/wp\/v2\/posts"}],"about":[{"href":"https:\/\/diarioregionaldigital.com.br\/index.php?rest_route=\/wp\/v2\/types\/post"}],"author":[{"embeddable":true,"href":"https:\/\/diarioregionaldigital.com.br\/index.php?rest_route=\/wp\/v2\/users\/246"}],"replies":[{"embeddable":true,"href":"https:\/\/diarioregionaldigital.com.br\/index.php?rest_route=%2Fwp%2Fv2%2Fcomments&post=196759"}],"version-history":[{"count":2,"href":"https:\/\/diarioregionaldigital.com.br\/index.php?rest_route=\/wp\/v2\/posts\/196759\/revisions"}],"predecessor-version":[{"id":196762,"href":"https:\/\/diarioregionaldigital.com.br\/index.php?rest_route=\/wp\/v2\/posts\/196759\/revisions\/196762"}],"wp:featuredmedia":[{"embeddable":true,"href":"https:\/\/diarioregionaldigital.com.br\/index.php?rest_route=\/wp\/v2\/media\/196760"}],"wp:attachment":[{"href":"https:\/\/diarioregionaldigital.com.br\/index.php?rest_route=%2Fwp%2Fv2%2Fmedia&parent=196759"}],"wp:term":[{"taxonomy":"category","embeddable":true,"href":"https:\/\/diarioregionaldigital.com.br\/index.php?rest_route=%2Fwp%2Fv2%2Fcategories&post=196759"},{"taxonomy":"post_tag","embeddable":true,"href":"https:\/\/diarioregionaldigital.com.br\/index.php?rest_route=%2Fwp%2Fv2%2Ftags&post=196759"}],"curies":[{"name":"wp","href":"https:\/\/api.w.org\/{rel}","templated":true}]}}