{"id":196753,"date":"2022-03-25T11:24:24","date_gmt":"2022-03-25T14:24:24","guid":{"rendered":"https:\/\/diarioregionaldigital.com.br\/?p=196753"},"modified":"2022-03-25T11:24:24","modified_gmt":"2022-03-25T14:24:24","slug":"feirinha-da-pjf-tera-novo-formato-nas-futuras-edicoes","status":"publish","type":"post","link":"https:\/\/diarioregionaldigital.com.br\/?p=196753","title":{"rendered":"Feirinha da PJF ter\u00e1 novo formato nas futuras edi\u00e7\u00f5es"},"content":{"rendered":"<p>Segundo informa\u00e7\u00f5es do site da Prefeitura de Juiz de Fora,\u00a0 a temporada da<strong>\u00a0<\/strong>Feirinha da PJF mensal que aconteceu todas as sextas-feiras, desde o m\u00eas de setembro de 2021, chegou ao fim. O m\u00eas de fevereiro encerrou a temporada mensal, depois de avalia\u00e7\u00e3o realizada pela equipe da Secretaria de Agricultura, Pecu\u00e1ria e Abastecimento (Seapa), com base em informa\u00e7\u00f5es coletadas com os participantes da Feirinha no que se refere \u00e0 din\u00e2mica de comercializa\u00e7\u00e3o neste formato.<\/p>\n<p>O m\u00eas de mar\u00e7o inaugurou a nova temporada de edi\u00e7\u00f5es especiais, com a\u00a0<a href=\"https:\/\/www.pjf.mg.gov.br\/noticias\/view.php?modo=link2&amp;idnoticia2=74300\"><strong>Feirinha especial em homenagem ao m\u00eas das mulheres<\/strong><\/a>, que termina nesta sexta-feira, 25.\u00a0 Nesta nova temporada, a Feirinha vai continuar acontecendo em datas especiais e comemorativas, e as novas regras de participa\u00e7\u00e3o ser\u00e3o lan\u00e7adas no\u00a0<a href=\"https:\/\/www.pjf.mg.gov.br\/secretarias\/seapa\/feirinha-da-pjf\/\"><strong>site da PJF<\/strong><\/a>, em breve.<\/p>\n","protected":false},"excerpt":{"rendered":"<p>Segundo informa\u00e7\u00f5es do site da Prefeitura de Juiz de Fora,\u00a0 a temporada da\u00a0Feirinha da PJF mensal que aconteceu todas as sextas-feiras, desde o m\u00eas de setembro de 2021, chegou ao fim. O m\u00eas de fevereiro encerrou a temporada mensal, depois de avalia\u00e7\u00e3o realizada pela equipe da Secretaria de Agricultura, Pecu\u00e1ria e Abastecimento (Seapa), com base [&hellip;]<\/p>\n","protected":false},"author":246,"featured_media":196754,"comment_status":"closed","ping_status":"closed","sticky":false,"template":"","format":"standard","meta":{"footnotes":""},"categories":[253,436,440,439],"tags":[],"class_list":["post-196753","post","type-post","status-publish","format-standard","has-post-thumbnail","hentry","category-cidade","category-destaque-da-semana","category-destaques-do-dia","category-ultima-hora"],"_links":{"self":[{"href":"https:\/\/diarioregionaldigital.com.br\/index.php?rest_route=\/wp\/v2\/posts\/196753","targetHints":{"allow":["GET"]}}],"collection":[{"href":"https:\/\/diarioregionaldigital.com.br\/index.php?rest_route=\/wp\/v2\/posts"}],"about":[{"href":"https:\/\/diarioregionaldigital.com.br\/index.php?rest_route=\/wp\/v2\/types\/post"}],"author":[{"embeddable":true,"href":"https:\/\/diarioregionaldigital.com.br\/index.php?rest_route=\/wp\/v2\/users\/246"}],"replies":[{"embeddable":true,"href":"https:\/\/diarioregionaldigital.com.br\/index.php?rest_route=%2Fwp%2Fv2%2Fcomments&post=196753"}],"version-history":[{"count":1,"href":"https:\/\/diarioregionaldigital.com.br\/index.php?rest_route=\/wp\/v2\/posts\/196753\/revisions"}],"predecessor-version":[{"id":196755,"href":"https:\/\/diarioregionaldigital.com.br\/index.php?rest_route=\/wp\/v2\/posts\/196753\/revisions\/196755"}],"wp:featuredmedia":[{"embeddable":true,"href":"https:\/\/diarioregionaldigital.com.br\/index.php?rest_route=\/wp\/v2\/media\/196754"}],"wp:attachment":[{"href":"https:\/\/diarioregionaldigital.com.br\/index.php?rest_route=%2Fwp%2Fv2%2Fmedia&parent=196753"}],"wp:term":[{"taxonomy":"category","embeddable":true,"href":"https:\/\/diarioregionaldigital.com.br\/index.php?rest_route=%2Fwp%2Fv2%2Fcategories&post=196753"},{"taxonomy":"post_tag","embeddable":true,"href":"https:\/\/diarioregionaldigital.com.br\/index.php?rest_route=%2Fwp%2Fv2%2Ftags&post=196753"}],"curies":[{"name":"wp","href":"https:\/\/api.w.org\/{rel}","templated":true}]}}