{"id":196750,"date":"2022-03-25T11:17:41","date_gmt":"2022-03-25T14:17:41","guid":{"rendered":"https:\/\/diarioregionaldigital.com.br\/?p=196750"},"modified":"2022-03-25T11:17:41","modified_gmt":"2022-03-25T14:17:41","slug":"botafogo-anuncia-acerto-oficial-com-patrick-de-paula","status":"publish","type":"post","link":"https:\/\/diarioregionaldigital.com.br\/?p=196750","title":{"rendered":"Botafogo anuncia acerto oficial com Patrick de Paula"},"content":{"rendered":"<p>O Botafogo anunciou oficialmente o acerto com o meio-campista Patrick de Paula. O jogador, que se profissionalizou no Palmeiras, firmou contrato com o Alvinegro de General Severiano at\u00e9 o final de 2026.<img decoding=\"async\" src=\"https:\/\/agenciabrasil.ebc.com.br\/ebc.png?id=1450399&amp;o=node\" \/><img decoding=\"async\" src=\"https:\/\/agenciabrasil.ebc.com.br\/ebc.gif?id=1450399&amp;o=node\" \/><\/p>\n<p>\u201cO jogador foi aprovado nos exames m\u00e9dicos e firmou contrato at\u00e9 o final de 2026. De Paula ser\u00e1 apresentado oficialmente em coletiva de imprensa presencial nesta sexta (25) \u00e0s 12h40 (hor\u00e1rio de Bras\u00edlia), no est\u00e1dio Nilton Santos\u201d, informa o Botafogo.<\/p>\n<p>Patrick de Paula seguiu para o Palmeiras ap\u00f3s se destacar na edi\u00e7\u00e3o de 2017 da Ta\u00e7a das Favelas. Pelas categorias de base do Alviverde ele conquistou a Copa RS Sub-20 (2018), o Campeonato Paulista Sub-20 (2018-2019), o Campeonato Brasileiro Sub-20 (2018) e a Copa do Brasil Sub-20 (2019).<\/p>\n<p>\u201cVenci na bola, orgulhei a comunidade e conquistei o continente. Agora \u00e9 hora de conquistar a torcida mais apaixonada do mundo. Voltei para o Rio para fazer hist\u00f3ria com a camisa mais tradicional do futebol\u201d, declarou o volante em v\u00eddeo promocional divulgado pelo Botafogo.<\/p>\n<p>Fonte: Ag\u00eancia Brasil<\/p>\n","protected":false},"excerpt":{"rendered":"<p>O Botafogo anunciou oficialmente o acerto com o meio-campista Patrick de Paula. O jogador, que se profissionalizou no Palmeiras, firmou contrato com o Alvinegro de General Severiano at\u00e9 o final de 2026. \u201cO jogador foi aprovado nos exames m\u00e9dicos e firmou contrato at\u00e9 o final de 2026. De Paula ser\u00e1 apresentado oficialmente em coletiva de [&hellip;]<\/p>\n","protected":false},"author":246,"featured_media":196751,"comment_status":"closed","ping_status":"closed","sticky":false,"template":"","format":"standard","meta":{"footnotes":""},"categories":[436,257,439],"tags":[],"class_list":["post-196750","post","type-post","status-publish","format-standard","has-post-thumbnail","hentry","category-destaque-da-semana","category-esporte","category-ultima-hora"],"_links":{"self":[{"href":"https:\/\/diarioregionaldigital.com.br\/index.php?rest_route=\/wp\/v2\/posts\/196750","targetHints":{"allow":["GET"]}}],"collection":[{"href":"https:\/\/diarioregionaldigital.com.br\/index.php?rest_route=\/wp\/v2\/posts"}],"about":[{"href":"https:\/\/diarioregionaldigital.com.br\/index.php?rest_route=\/wp\/v2\/types\/post"}],"author":[{"embeddable":true,"href":"https:\/\/diarioregionaldigital.com.br\/index.php?rest_route=\/wp\/v2\/users\/246"}],"replies":[{"embeddable":true,"href":"https:\/\/diarioregionaldigital.com.br\/index.php?rest_route=%2Fwp%2Fv2%2Fcomments&post=196750"}],"version-history":[{"count":1,"href":"https:\/\/diarioregionaldigital.com.br\/index.php?rest_route=\/wp\/v2\/posts\/196750\/revisions"}],"predecessor-version":[{"id":196752,"href":"https:\/\/diarioregionaldigital.com.br\/index.php?rest_route=\/wp\/v2\/posts\/196750\/revisions\/196752"}],"wp:featuredmedia":[{"embeddable":true,"href":"https:\/\/diarioregionaldigital.com.br\/index.php?rest_route=\/wp\/v2\/media\/196751"}],"wp:attachment":[{"href":"https:\/\/diarioregionaldigital.com.br\/index.php?rest_route=%2Fwp%2Fv2%2Fmedia&parent=196750"}],"wp:term":[{"taxonomy":"category","embeddable":true,"href":"https:\/\/diarioregionaldigital.com.br\/index.php?rest_route=%2Fwp%2Fv2%2Fcategories&post=196750"},{"taxonomy":"post_tag","embeddable":true,"href":"https:\/\/diarioregionaldigital.com.br\/index.php?rest_route=%2Fwp%2Fv2%2Ftags&post=196750"}],"curies":[{"name":"wp","href":"https:\/\/api.w.org\/{rel}","templated":true}]}}