{"id":196746,"date":"2022-03-25T11:16:12","date_gmt":"2022-03-25T14:16:12","guid":{"rendered":"https:\/\/diarioregionaldigital.com.br\/?p=196746"},"modified":"2022-03-25T11:16:12","modified_gmt":"2022-03-25T14:16:12","slug":"paulista-corinthians-supera-guarani-nos-penaltis-e-esta-na-semifinal","status":"publish","type":"post","link":"https:\/\/diarioregionaldigital.com.br\/?p=196746","title":{"rendered":"Paulista: Corinthians supera Guarani nos p\u00eanaltis e est\u00e1 na semifinal"},"content":{"rendered":"<p>O Corinthians conquistou a \u00faltima vaga das semifinais do Campeonato Paulista, ao superar o Guarani por 7 a 6 nas cobran\u00e7as de p\u00eanaltis, ap\u00f3s empate por 1 a 1 nos 90 minutos, nesta quinta-feira (24) na Neo Qu\u00edmica Arena.<img decoding=\"async\" src=\"https:\/\/agenciabrasil.ebc.com.br\/ebc.png?id=1450422&amp;o=node\" \/><img decoding=\"async\" src=\"https:\/\/agenciabrasil.ebc.com.br\/ebc.gif?id=1450422&amp;o=node\" \/><\/p>\n<p>Agora, o Tim\u00e3o ter\u00e1 pela frente o S\u00e3o Paulo na pr\u00f3xima fase da competi\u00e7\u00e3o. A outra semifinal colocar\u00e1 Palmeiras e Bragantino frente a frente.<\/p>\n<h2>Brilho de C\u00e1ssio<\/h2>\n<p>O Corinthians come\u00e7ou melhor o confronto, e abriu o placar aos 42 minutos do primeiro tempo em gol de cabe\u00e7a do zagueiro Gil ap\u00f3s cobran\u00e7a de escanteio de Renato Augusto. Por\u00e9m, o Bugre conseguiu igualar aos 8 minutos da etapa final com Jo\u00e3o Victor.<\/p>\n<p>Como a igualdade perdurou at\u00e9 o fim, a vaga nas semifinais do Paulista teve que ser decidida nos p\u00eanaltis. Nas penalidades m\u00e1ximas, os jogadores do Corinthians (F\u00e1bio Santos, Giuliano, Renato Augusto, J\u00fanior Moraes, Jo\u00e3o Victor, Fagner e Adson) n\u00e3o falharam, enquanto no time Campinas o volante Madison teve o seu chute defendido por C\u00e1ssio.<\/p>\n<p>Fonte: Ag\u00eancia Brasil<\/p>\n","protected":false},"excerpt":{"rendered":"<p>O Corinthians conquistou a \u00faltima vaga das semifinais do Campeonato Paulista, ao superar o Guarani por 7 a 6 nas cobran\u00e7as de p\u00eanaltis, ap\u00f3s empate por 1 a 1 nos 90 minutos, nesta quinta-feira (24) na Neo Qu\u00edmica Arena. Agora, o Tim\u00e3o ter\u00e1 pela frente o S\u00e3o Paulo na pr\u00f3xima fase da competi\u00e7\u00e3o. A outra [&hellip;]<\/p>\n","protected":false},"author":246,"featured_media":196747,"comment_status":"closed","ping_status":"closed","sticky":false,"template":"","format":"standard","meta":{"footnotes":""},"categories":[436,257,439],"tags":[],"class_list":["post-196746","post","type-post","status-publish","format-standard","has-post-thumbnail","hentry","category-destaque-da-semana","category-esporte","category-ultima-hora"],"_links":{"self":[{"href":"https:\/\/diarioregionaldigital.com.br\/index.php?rest_route=\/wp\/v2\/posts\/196746","targetHints":{"allow":["GET"]}}],"collection":[{"href":"https:\/\/diarioregionaldigital.com.br\/index.php?rest_route=\/wp\/v2\/posts"}],"about":[{"href":"https:\/\/diarioregionaldigital.com.br\/index.php?rest_route=\/wp\/v2\/types\/post"}],"author":[{"embeddable":true,"href":"https:\/\/diarioregionaldigital.com.br\/index.php?rest_route=\/wp\/v2\/users\/246"}],"replies":[{"embeddable":true,"href":"https:\/\/diarioregionaldigital.com.br\/index.php?rest_route=%2Fwp%2Fv2%2Fcomments&post=196746"}],"version-history":[{"count":2,"href":"https:\/\/diarioregionaldigital.com.br\/index.php?rest_route=\/wp\/v2\/posts\/196746\/revisions"}],"predecessor-version":[{"id":196749,"href":"https:\/\/diarioregionaldigital.com.br\/index.php?rest_route=\/wp\/v2\/posts\/196746\/revisions\/196749"}],"wp:featuredmedia":[{"embeddable":true,"href":"https:\/\/diarioregionaldigital.com.br\/index.php?rest_route=\/wp\/v2\/media\/196747"}],"wp:attachment":[{"href":"https:\/\/diarioregionaldigital.com.br\/index.php?rest_route=%2Fwp%2Fv2%2Fmedia&parent=196746"}],"wp:term":[{"taxonomy":"category","embeddable":true,"href":"https:\/\/diarioregionaldigital.com.br\/index.php?rest_route=%2Fwp%2Fv2%2Fcategories&post=196746"},{"taxonomy":"post_tag","embeddable":true,"href":"https:\/\/diarioregionaldigital.com.br\/index.php?rest_route=%2Fwp%2Fv2%2Ftags&post=196746"}],"curies":[{"name":"wp","href":"https:\/\/api.w.org\/{rel}","templated":true}]}}