{"id":196736,"date":"2022-03-25T11:07:51","date_gmt":"2022-03-25T14:07:51","guid":{"rendered":"https:\/\/diarioregionaldigital.com.br\/?p=196736"},"modified":"2022-03-25T11:07:51","modified_gmt":"2022-03-25T14:07:51","slug":"governador-se-reune-com-representantes-da-agricultura-familiar-de-divinopolis","status":"publish","type":"post","link":"https:\/\/diarioregionaldigital.com.br\/?p=196736","title":{"rendered":"Governador se re\u00fane com representantes da agricultura familiar de Divin\u00f3polis"},"content":{"rendered":"<p>O governador Romeu Zema e a secret\u00e1ria de\u00a0<a href=\"http:\/\/www.agricultura.mg.gov.br\/\" target=\"_blank\" rel=\"noopener\">Agricultura, Pecu\u00e1ria e Abastecimento<\/a>, Ana Valentini, se reuniram, nesta quinta-feira (24\/3), com agricultores familiares da regi\u00e3o Centro-Oeste, na sede da\u00a0<a href=\"http:\/\/www.emater.mg.gov.br\/\" target=\"_blank\" rel=\"noopener\">Emater-MG<\/a>\u00a0em Divin\u00f3polis. Tamb\u00e9m participaram do encontro deputados, o prefeito de Divin\u00f3polis, Gleidson Azevedo, e representantes da Emater.<\/p>\n<p>Os produtores puderam apresentar os principais desafios para o desenvolvimento de seus neg\u00f3cios. Depois de ouvi-los, o governador destacou alguns projetos que est\u00e3o em andamento que beneficiam quem trabalha com o agroneg\u00f3cio.<\/p>\n<p>\u201cA\u00a0<a href=\"http:\/\/www.cemig.com.br\/\" target=\"_blank\" rel=\"noopener\">Cemig<\/a>\u00a0tem direcionado todo esfor\u00e7o para atender os setores produtivos, incluindo o campo. O objetivo \u00e9 levar para todos os produtores rurais a energia trif\u00e1sica para que tenham condi\u00e7\u00f5es melhores para trabalhar. Com rela\u00e7\u00e3o a infraestrutura, estamos correndo atr\u00e1s para recuperar as estradas, com mais de 70 pontos de pavimenta\u00e7\u00e3o. \u00c9 um trabalho que pelo tamanho vai levar alguns anos, mas o importante \u00e9 que come\u00e7ou a acontecer\u201d, pontuou Zema.<\/p>\n<p>O governador tamb\u00e9m ressaltou a participa\u00e7\u00e3o do agroneg\u00f3cio para Minas Gerais e a necessidade de valorizar os produtores mineiros.<\/p>\n<p>\u201cOs n\u00fameros demonstram que no nosso governo o agro avan\u00e7ou, com o aumento da produ\u00e7\u00e3o e exporta\u00e7\u00e3o. Eu tenho consci\u00eancia da import\u00e2ncia do setor para o estado. Queremos mostrar que temos produtos diferenciados, como o caf\u00e9 e o queijo que s\u00e3o reconhecidos internacionalmente. Estamos procurando junto com a Emater agregar valor no que \u00e9 produzido em Minas\u201d, disse.<\/p>\n<p>A secret\u00e1ria Ana Valentini falou sobre a import\u00e2ncia do encontro com os agricultores. \u201cEsse \u00e9 um momento de conversa e escuta com os produtores para termos retornos das nossas pol\u00edticas p\u00fablicas para apoiar a agricultura familiar no estado. \u00c9 tamb\u00e9m uma oportunidade para que novas demandas sejam trazidas para nortear o planejamento de novas pol\u00edticas\u201d, destacou.<\/p>\n<p><strong>Agricultura familiar<\/strong><\/p>\n<p>De acordo com os dados do \u00faltimo Censo Agropecu\u00e1rio, Minas Gerais possui 441,8 mil estabelecimentos da agricultura familiar, que representam 72,7% do total dos estabelecimentos rurais mineiros. Minas \u00e9 o estado da regi\u00e3o Sudeste com o maior n\u00famero de estabelecimentos da agricultura familiar e o segundo do pa\u00eds.<\/p>\n<p>O segmento \u00e9 o respons\u00e1vel por parcela expressiva da oferta de alimentos b\u00e1sicos que v\u00e3o para as mesas dos brasileiros no dia a dia. Os principais produtos agropecu\u00e1rios produzidos no estado s\u00e3o: caf\u00e9, frutas, leite, carnes (bovina, su\u00edna e de frango), milho e feij\u00e3o, al\u00e9m da presen\u00e7a significativa no segmento das agroind\u00fastrias.<\/p>\n<p>Dentre as a\u00e7\u00f5es do\u00a0<a href=\"http:\/\/www.mg.gov.br\/\" target=\"_blank\" rel=\"noopener\">Governo de Minas<\/a>\u00a0voltadas para a agricultura familiar, destacam-se as a\u00e7\u00f5es no Programa Alimenta Brasil. Por meio desse projeto, realizado em parceria com a Uni\u00e3o\u00a0e munic\u00edpios, os agricultores vendem sua produ\u00e7\u00e3o para as prefeituras, que repassam para institui\u00e7\u00f5es socioassistenciais locais. S\u00e3o beneficiados tanto o agricultor, com a garantia de mercado para sua produ\u00e7\u00e3o, quanto as fam\u00edlias que recebem esses produtos, com a melhoria da qualidade da alimenta\u00e7\u00e3o.<\/p>\n<p>Fonte: Ag\u00eancia Minas<\/p>\n","protected":false},"excerpt":{"rendered":"<p>O governador Romeu Zema e a secret\u00e1ria de\u00a0Agricultura, Pecu\u00e1ria e Abastecimento, Ana Valentini, se reuniram, nesta quinta-feira (24\/3), com agricultores familiares da regi\u00e3o Centro-Oeste, na sede da\u00a0Emater-MG\u00a0em Divin\u00f3polis. Tamb\u00e9m participaram do encontro deputados, o prefeito de Divin\u00f3polis, Gleidson Azevedo, e representantes da Emater. Os produtores puderam apresentar os principais desafios para o desenvolvimento de seus [&hellip;]<\/p>\n","protected":false},"author":246,"featured_media":196737,"comment_status":"closed","ping_status":"closed","sticky":false,"template":"","format":"standard","meta":{"footnotes":""},"categories":[436,254,439],"tags":[],"class_list":["post-196736","post","type-post","status-publish","format-standard","has-post-thumbnail","hentry","category-destaque-da-semana","category-politica","category-ultima-hora"],"_links":{"self":[{"href":"https:\/\/diarioregionaldigital.com.br\/index.php?rest_route=\/wp\/v2\/posts\/196736","targetHints":{"allow":["GET"]}}],"collection":[{"href":"https:\/\/diarioregionaldigital.com.br\/index.php?rest_route=\/wp\/v2\/posts"}],"about":[{"href":"https:\/\/diarioregionaldigital.com.br\/index.php?rest_route=\/wp\/v2\/types\/post"}],"author":[{"embeddable":true,"href":"https:\/\/diarioregionaldigital.com.br\/index.php?rest_route=\/wp\/v2\/users\/246"}],"replies":[{"embeddable":true,"href":"https:\/\/diarioregionaldigital.com.br\/index.php?rest_route=%2Fwp%2Fv2%2Fcomments&post=196736"}],"version-history":[{"count":1,"href":"https:\/\/diarioregionaldigital.com.br\/index.php?rest_route=\/wp\/v2\/posts\/196736\/revisions"}],"predecessor-version":[{"id":196738,"href":"https:\/\/diarioregionaldigital.com.br\/index.php?rest_route=\/wp\/v2\/posts\/196736\/revisions\/196738"}],"wp:featuredmedia":[{"embeddable":true,"href":"https:\/\/diarioregionaldigital.com.br\/index.php?rest_route=\/wp\/v2\/media\/196737"}],"wp:attachment":[{"href":"https:\/\/diarioregionaldigital.com.br\/index.php?rest_route=%2Fwp%2Fv2%2Fmedia&parent=196736"}],"wp:term":[{"taxonomy":"category","embeddable":true,"href":"https:\/\/diarioregionaldigital.com.br\/index.php?rest_route=%2Fwp%2Fv2%2Fcategories&post=196736"},{"taxonomy":"post_tag","embeddable":true,"href":"https:\/\/diarioregionaldigital.com.br\/index.php?rest_route=%2Fwp%2Fv2%2Ftags&post=196736"}],"curies":[{"name":"wp","href":"https:\/\/api.w.org\/{rel}","templated":true}]}}