{"id":196732,"date":"2022-03-25T11:04:51","date_gmt":"2022-03-25T14:04:51","guid":{"rendered":"https:\/\/diarioregionaldigital.com.br\/?p=196732"},"modified":"2022-03-25T11:04:51","modified_gmt":"2022-03-25T14:04:51","slug":"copasa-preve-investir-r-34-milhoes-na-recuperacao-de-nascentes-em-2022","status":"publish","type":"post","link":"https:\/\/diarioregionaldigital.com.br\/?p=196732","title":{"rendered":"Copasa prev\u00ea investir R$ 34 milh\u00f5es na recupera\u00e7\u00e3o de nascentes em 2022"},"content":{"rendered":"<p>Na semana do Dia Mundial da \u00c1gua, a\u00a0<a href=\"https:\/\/copasaportalprd.azurewebsites.net\/\" target=\"_blank\" rel=\"noopener\">Copasa<\/a>\u00a0comemora a marca de R$ 62 milh\u00f5es em investimentos na recupera\u00e7\u00e3o de nascentes, rios e c\u00f3rregos nos \u00faltimos cinco anos por meio do Pr\u00f3-Mananciais. E a previs\u00e3o \u00e9 ampliar o programa em 2022, com investimentos de mais R$ 34 milh\u00f5es e a inclus\u00e3o de novos munic\u00edpios, totalizando 275 cidades mineiras.<\/p>\n<p>Um dos principais focos do Pr\u00f3-Mananciais \u00e9 a restaura\u00e7\u00e3o florestal por meio do cercamento e plantio das \u00e1reas de prote\u00e7\u00e3o ambiental de bacias hidrogr\u00e1ficas. E os resultados obtidos desde sua implanta\u00e7\u00e3o apontam para uma melhora consider\u00e1vel da \u00e1rea verde no entorno dos cursos d&#8217;\u00e1gua.<\/p>\n<p>Munic\u00edpios como Conselheiro Lafaiete, na regi\u00e3o Central de Minas Gerais, apresentaram, em 3 anos, incremento de 36% do \u00cdndice de Vegeta\u00e7\u00e3o por Diferen\u00e7a Normalizada (NDVI), que mede a quantidade e condi\u00e7\u00e3o da vegeta\u00e7\u00e3o verde na \u00e1rea de atua\u00e7\u00e3o do Pr\u00f3-Mananciais. J\u00e1 Iapu, no Vale do Rio Doce, apresentou crescimento do \u00edndice em 112% entre 2018 e 2021.<\/p>\n<p>Segundo o superintendente de Desenvolvimento Ambiental (SPDA), Nelson Guimar\u00e3es, esses resultados representam a import\u00e2ncia do programa para revitaliza\u00e7\u00e3o das bacias e melhoria da qualidade e quantidade de \u00e1gua dos mananciais operados pela Copasa.<\/p>\n<p>Criado em 2017, o Pr\u00f3-Mananciais quadruplicou sua presen\u00e7a no estado ao longo dos \u00faltimos cinco anos. At\u00e9 o final do ano passado, o programa estava presente em 237 munic\u00edpios mineiros &#8211; um ter\u00e7o das cidades em que a empresa atua.<\/p>\n<p>Guimar\u00e3es destaca que o Pr\u00f3-Mananciais \u00e9 um programa que mudou a forma de a Copasa trabalhar nas bacias hidrogr\u00e1ficas. \u201cAl\u00e9m disso, ele tem sido modelo para outras empresas em todo o pa\u00eds\u201d, destaca. No ano passado, o programa foi vencedor na categoria Inova\u00e7\u00e3o da Gest\u00e3o em Saneamento do Pr\u00eamio Nacional da Qualidade em Saneamento (PNQS), um dos principais do setor no Brasil.<\/p>\n<p><strong>Pr\u00f3-Mananciais<\/strong><\/p>\n<p>O Pr\u00f3-Mananciais foi estabelecido em uma resolu\u00e7\u00e3o conjunta entre Ag\u00eancia Reguladora de Servi\u00e7os de Abastecimento de \u00c1gua e Esgotamento Sanit\u00e1rio do Estado de Minas Gerais (Arsae-MG) e Copasa em 2017 e prev\u00ea que 0,5% da Receita Operacional auferida em tarifas seja destinada ao custeio do programa.<\/p>\n<p>O objetivo \u00e9 proteger e recuperar as microbacias hidrogr\u00e1ficas e as \u00e1reas de recarga dos aqu\u00edferos utilizados na capta\u00e7\u00e3o de \u00e1gua para tratamento e distribui\u00e7\u00e3o ao p\u00fablico.<\/p>\n<p>O programa atua na mobiliza\u00e7\u00e3o da comunidade e de institui\u00e7\u00f5es parceiras para construir coletivamente o sentimento de pertencimento da popula\u00e7\u00e3o \u00e0 microbacia da regi\u00e3o em que est\u00e1 inserida. Entre as principais a\u00e7\u00f5es est\u00e3o cercamento de \u00e1reas de prote\u00e7\u00e3o ambiental (APP), plantio de mudas, constru\u00e7\u00e3o de barraginhas e adequa\u00e7\u00e3o de estradas, al\u00e9m do treinamento e capacita\u00e7\u00e3o da popula\u00e7\u00e3o local e tamb\u00e9m de estudos ambientais.<\/p>\n<p>Al\u00e9m disso, o programa integra o compromisso da Copasa de responsabilidade socioambiental e de desenvolvimento sustent\u00e1vel, ambos pautados na Agenda 2030 da Organiza\u00e7\u00e3o das Na\u00e7\u00f5es Unidas (ONU), em seus respectivos Objetivos de Desenvolvimento Sustent\u00e1vel (ODS) e nos dez princ\u00edpios do Pacto Global. O Pr\u00f3-Mananciais integra o ODS 6 \u2013 \u00c1gua e Saneamento, que tem entre metas melhorar a qualidade de \u00e1gua dos corpos d&#8217;\u00e1gua, apoiar e fortalecer a participa\u00e7\u00e3o das comunidades locais para melhorar a gest\u00e3o da \u00e1gua.<\/p>\n<p>Fonte: Ag\u00eancia Minas<\/p>\n","protected":false},"excerpt":{"rendered":"<p>Na semana do Dia Mundial da \u00c1gua, a\u00a0Copasa\u00a0comemora a marca de R$ 62 milh\u00f5es em investimentos na recupera\u00e7\u00e3o de nascentes, rios e c\u00f3rregos nos \u00faltimos cinco anos por meio do Pr\u00f3-Mananciais. E a previs\u00e3o \u00e9 ampliar o programa em 2022, com investimentos de mais R$ 34 milh\u00f5es e a inclus\u00e3o de novos munic\u00edpios, totalizando 275 [&hellip;]<\/p>\n","protected":false},"author":246,"featured_media":196733,"comment_status":"closed","ping_status":"closed","sticky":false,"template":"","format":"standard","meta":{"footnotes":""},"categories":[436,254,439],"tags":[],"class_list":["post-196732","post","type-post","status-publish","format-standard","has-post-thumbnail","hentry","category-destaque-da-semana","category-politica","category-ultima-hora"],"_links":{"self":[{"href":"https:\/\/diarioregionaldigital.com.br\/index.php?rest_route=\/wp\/v2\/posts\/196732","targetHints":{"allow":["GET"]}}],"collection":[{"href":"https:\/\/diarioregionaldigital.com.br\/index.php?rest_route=\/wp\/v2\/posts"}],"about":[{"href":"https:\/\/diarioregionaldigital.com.br\/index.php?rest_route=\/wp\/v2\/types\/post"}],"author":[{"embeddable":true,"href":"https:\/\/diarioregionaldigital.com.br\/index.php?rest_route=\/wp\/v2\/users\/246"}],"replies":[{"embeddable":true,"href":"https:\/\/diarioregionaldigital.com.br\/index.php?rest_route=%2Fwp%2Fv2%2Fcomments&post=196732"}],"version-history":[{"count":2,"href":"https:\/\/diarioregionaldigital.com.br\/index.php?rest_route=\/wp\/v2\/posts\/196732\/revisions"}],"predecessor-version":[{"id":196735,"href":"https:\/\/diarioregionaldigital.com.br\/index.php?rest_route=\/wp\/v2\/posts\/196732\/revisions\/196735"}],"wp:featuredmedia":[{"embeddable":true,"href":"https:\/\/diarioregionaldigital.com.br\/index.php?rest_route=\/wp\/v2\/media\/196733"}],"wp:attachment":[{"href":"https:\/\/diarioregionaldigital.com.br\/index.php?rest_route=%2Fwp%2Fv2%2Fmedia&parent=196732"}],"wp:term":[{"taxonomy":"category","embeddable":true,"href":"https:\/\/diarioregionaldigital.com.br\/index.php?rest_route=%2Fwp%2Fv2%2Fcategories&post=196732"},{"taxonomy":"post_tag","embeddable":true,"href":"https:\/\/diarioregionaldigital.com.br\/index.php?rest_route=%2Fwp%2Fv2%2Ftags&post=196732"}],"curies":[{"name":"wp","href":"https:\/\/api.w.org\/{rel}","templated":true}]}}