{"id":196729,"date":"2022-03-25T10:59:40","date_gmt":"2022-03-25T13:59:40","guid":{"rendered":"https:\/\/diarioregionaldigital.com.br\/?p=196729"},"modified":"2022-03-25T10:59:40","modified_gmt":"2022-03-25T13:59:40","slug":"precos-altos-e-instabilidade-internacional-aumentam-interesse-por-biofertilizantes","status":"publish","type":"post","link":"https:\/\/diarioregionaldigital.com.br\/?p=196729","title":{"rendered":"Pre\u00e7os altos e instabilidade internacional aumentam interesse por biofertilizantes"},"content":{"rendered":"<p>A forte alta do pre\u00e7o dos fertilizantes e o risco de falta do produto em decorr\u00eancia da guerra entre R\u00fassia e Ucr\u00e2nia t\u00eam levado muitos produtores a buscarem alternativas. A\u00a0<a href=\"https:\/\/www.emater.mg.gov.br\/\" target=\"_blank\" rel=\"noopener\">Emater-MG<\/a>\u00a0tem percebido um grande interesse de agricultores por cursos e treinamentos sobre biofertilizantes e outras pr\u00e1ticas agroecol\u00f3gicas. S\u00f3 em 2021, cerca de 800 produtores participaram de cursos presenciais e virtuais, realizados pela \u00e1rea de Agroecologia do Departamento T\u00e9cnico da empresa. Em 2022, v\u00e1rios cursos para agricultores j\u00e1 est\u00e3o programados, al\u00e9m de um treinamento para os extensionistas da Emater-MG, que v\u00e3o disseminar esses conhecimentos em v\u00e1rias cidades mineiras.<\/p>\n<p>O coordenador estadual de Agroecologia da Emater-MG, Fernando Tinoco, conta que, com a subida de pre\u00e7o dos fertilizantes industrializados, produtores que nunca pensaram em utilizar biofertilizantes est\u00e3o passando a usar, principalmente em pequenas \u00e1reas. \u201cO interesse por pr\u00e1ticas agroecol\u00f3gicas est\u00e1 crescendo muito. Em abril, vamos fazer um curso em Caldas, no Sul de Minas, e devido \u00e0 grande demanda, tivemos de abrir mais uma turma. As inscri\u00e7\u00f5es superaram nossas expectativas\u201d, comenta Tinoco.<\/p>\n<p><strong>Cursos programados<\/strong><\/p>\n<p>A capacita\u00e7\u00e3o para produtores do munic\u00edpio de Caldas vai ocorrer nos dias 6 e 7\/4 e a oficina vai abordar de forma pr\u00e1tica a produ\u00e7\u00e3o de caldas, biofertilizantes e compostos org\u00e2nicos. Antes, na pr\u00f3xima semana, de 29 a 31\/3, ser\u00e1 realizado curso em Montezuma, no Norte de Minas. As informa\u00e7\u00f5es sobre os cursos podem ser obtidas nos escrit\u00f3rios locais da Emater-MG de cada munic\u00edpio.<\/p>\n<p>Outra atividade programada \u00e9 o treinamento virtual \u201cConstru\u00e7\u00e3o e Manejo Sustent\u00e1vel de Fertilidade do Solo\u201d, que ter\u00e1 dois m\u00f3dulos (dias 14 e 21\/6) e ser\u00e1 direcionado para os extensionistas da Emater-MG. \u201cEsse curso \u00e9 uma parceria com o Minist\u00e9rio da Ci\u00eancia e Tecnologia e ter\u00e1 apoio de profissionais da Epamig e da Embrapa. A proposta \u00e9 treinar os t\u00e9cnicos da empresa para que eles repassem os conhecimentos para os agricultores do estado\u201d, explica Tinoco.<\/p>\n<p><strong>Migra\u00e7\u00e3o de sistemas de produ\u00e7\u00e3o<\/strong><\/p>\n<p>A produtora Maria Jos\u00e9 da Silva Oliveira, de S\u00e3o Joaquim de Bicas, na Regi\u00e3o Metropolitana de BH, tem participado dos treinamentos oferecidos pela Emater-MG em seu munic\u00edpio. Ela conta que, no come\u00e7o, foi dif\u00edcil a implanta\u00e7\u00e3o das t\u00e9cnicas agroecol\u00f3gicas, mas agora os resultados est\u00e3o surgindo. \u201c\u00c9 mais trabalhoso e demora mais para voc\u00ea ver o resultado, mas compensa. A planta responde bem e voc\u00ea sente que est\u00e1 produzindo um alimento mais saud\u00e1vel\u201d, comenta a agricultura.<\/p>\n<p>O coordenador da Emater diz que o ideal \u00e9 que a migra\u00e7\u00e3o do sistema tradicional para agroecol\u00f3gico seja feita com o acompanhamento de um profissional da \u00e1rea, como os extensionistas da Emater-MG. Mas Tinoco d\u00e1 algumas orienta\u00e7\u00f5es para o produtor que trabalha no modo tradicional e est\u00e1 interessado em adotar t\u00e9cnicas agroecol\u00f3gicas. \u201cEle pode iniciar com a compostagem, que \u00e9 a decomposi\u00e7\u00e3o de materiais org\u00e2nicos. Como adubo de plantio, d\u00e1 para fazer a mistura de esterco de vaca ou galinha, palhada (baga\u00e7o de cana ou capim picado) e \/ou acrescentar minerais. Para algumas culturas, a gente pode usar a mistura n\u00e3o s\u00f3 para o plantio, como tamb\u00e9m na aduba\u00e7\u00e3o de cobertura\u201d, explica.<\/p>\n<p>J\u00e1 os biofertilizantes l\u00edquidos s\u00e3o mais indicados como adubos de cobertura. \u201cO mais simples e f\u00e1cil de preparar s\u00e3o os biofertilizantes \u00e0 base de esterco fresco de vaca e de cama de frango, acrescido tamb\u00e9m de alguns minerais, dependendo da cultura. A\u00ed deixamos fermentar em caixas pl\u00e1sticas ou bombonas por um per\u00edodo aproximado de 30 dias\u201d, diz Tinoco.<\/p>\n<p><strong>Agricultura sustent\u00e1vel<\/strong><\/p>\n<p>A compostagem leva cerca de 90 dias para fermentar e estar apta para o uso. Tinoco explica que n\u00e3o \u00e9 bom usar o esterco fresco diretamente na planta, por ter algumas bact\u00e9rias e outros microrganismos que podem contaminar os alimentos. \u201cAl\u00e9m de serem utilizados como adubo foliar e de cobertura, os biofertilizantes tamb\u00e9m s\u00e3o considerados repelentes de insetos pelo forte cheiro. Eles ajudam ainda no aumento da vida do solo, pois a flora microbiana possibilita a melhor libera\u00e7\u00e3o e absor\u00e7\u00e3o de minerais do solo\u201d, argumenta o coordenador.<\/p>\n<p>Nos \u00faltimos anos, o uso de bioinsumos tem crescido bastante no Brasil.\u00a0 Al\u00e9m de compostos org\u00e2nicos, h\u00e1 microorganismos utilizados para o controle de pragas e doen\u00e7as, que tamb\u00e9m integram a linha agroecol\u00f3gica. \u201cO mundo caminha para uma agricultura mais limpa e sustent\u00e1vel. E fatores como a alta de pre\u00e7os e problemas log\u00edsticos t\u00eam acelerado esse processo\u201d, opina Tinoco.<\/p>\n<p>Fonte: Ag\u00eancia Minas<\/p>\n","protected":false},"excerpt":{"rendered":"<p>A forte alta do pre\u00e7o dos fertilizantes e o risco de falta do produto em decorr\u00eancia da guerra entre R\u00fassia e Ucr\u00e2nia t\u00eam levado muitos produtores a buscarem alternativas. A\u00a0Emater-MG\u00a0tem percebido um grande interesse de agricultores por cursos e treinamentos sobre biofertilizantes e outras pr\u00e1ticas agroecol\u00f3gicas. S\u00f3 em 2021, cerca de 800 produtores participaram de [&hellip;]<\/p>\n","protected":false},"author":246,"featured_media":196730,"comment_status":"closed","ping_status":"closed","sticky":false,"template":"","format":"standard","meta":{"footnotes":""},"categories":[436,254,439],"tags":[],"class_list":["post-196729","post","type-post","status-publish","format-standard","has-post-thumbnail","hentry","category-destaque-da-semana","category-politica","category-ultima-hora"],"_links":{"self":[{"href":"https:\/\/diarioregionaldigital.com.br\/index.php?rest_route=\/wp\/v2\/posts\/196729","targetHints":{"allow":["GET"]}}],"collection":[{"href":"https:\/\/diarioregionaldigital.com.br\/index.php?rest_route=\/wp\/v2\/posts"}],"about":[{"href":"https:\/\/diarioregionaldigital.com.br\/index.php?rest_route=\/wp\/v2\/types\/post"}],"author":[{"embeddable":true,"href":"https:\/\/diarioregionaldigital.com.br\/index.php?rest_route=\/wp\/v2\/users\/246"}],"replies":[{"embeddable":true,"href":"https:\/\/diarioregionaldigital.com.br\/index.php?rest_route=%2Fwp%2Fv2%2Fcomments&post=196729"}],"version-history":[{"count":1,"href":"https:\/\/diarioregionaldigital.com.br\/index.php?rest_route=\/wp\/v2\/posts\/196729\/revisions"}],"predecessor-version":[{"id":196731,"href":"https:\/\/diarioregionaldigital.com.br\/index.php?rest_route=\/wp\/v2\/posts\/196729\/revisions\/196731"}],"wp:featuredmedia":[{"embeddable":true,"href":"https:\/\/diarioregionaldigital.com.br\/index.php?rest_route=\/wp\/v2\/media\/196730"}],"wp:attachment":[{"href":"https:\/\/diarioregionaldigital.com.br\/index.php?rest_route=%2Fwp%2Fv2%2Fmedia&parent=196729"}],"wp:term":[{"taxonomy":"category","embeddable":true,"href":"https:\/\/diarioregionaldigital.com.br\/index.php?rest_route=%2Fwp%2Fv2%2Fcategories&post=196729"},{"taxonomy":"post_tag","embeddable":true,"href":"https:\/\/diarioregionaldigital.com.br\/index.php?rest_route=%2Fwp%2Fv2%2Ftags&post=196729"}],"curies":[{"name":"wp","href":"https:\/\/api.w.org\/{rel}","templated":true}]}}