{"id":196726,"date":"2022-03-25T10:57:57","date_gmt":"2022-03-25T13:57:57","guid":{"rendered":"https:\/\/diarioregionaldigital.com.br\/?p=196726"},"modified":"2022-03-25T10:57:57","modified_gmt":"2022-03-25T13:57:57","slug":"governo-de-minas-vai-destinar-r-18-milhao-para-retomada-de-seis-obras-de-ubs-no-centro-oeste","status":"publish","type":"post","link":"https:\/\/diarioregionaldigital.com.br\/?p=196726","title":{"rendered":"Governo de Minas vai destinar R$ 1,8 milh\u00e3o para retomada de seis obras de UBS no Centro-Oeste"},"content":{"rendered":"<p>O governador Romeu Zema e o secret\u00e1rio de Estado de\u00a0<a href=\"http:\/\/www.saude.mg.gov.br\/\" target=\"_blank\" rel=\"noopener\">Sa\u00fade<\/a>, o m\u00e9dico F\u00e1bio Baccheretti, estiveram, nesta quinta-feira (24\/3), na Superintend\u00eancia Regional de Sa\u00fade em Divin\u00f3polis para verificar os trabalhos feitos na unidade. A regional atende 53 munic\u00edpios e \u00e9 a segunda mais populosa do estado.<\/p>\n<p>O\u00a0<a href=\"http:\/\/www.mg.gov.br\/\" target=\"_blank\" rel=\"noopener\">Governo de Minas<\/a>\u00a0destinou cerca de R$ 13,9 milh\u00f5es para a aquisi\u00e7\u00e3o de tom\u00f3grafos em nove hospitais da macrorregi\u00e3o Oeste. Outros R$ 13,4 milh\u00f5es ser\u00e3o usados para comprar ve\u00edculos de Transporte Sanit\u00e1rio Eletivo para 47 munic\u00edpios. Tamb\u00e9m ser\u00e3o empregados R$ 1,8 milh\u00e3o neste ano para a retomada de seis obras em Unidades B\u00e1sicas de Sa\u00fade (UBS) na regi\u00e3o.<\/p>\n<p>Para realizar cirurgias eletivas, ser\u00e3o investidos R$ 2,7 milh\u00f5es na regi\u00e3o dentro do programa Opera Mais, Minas Gerais. Seis munic\u00edpios receber\u00e3o repasse de R$ 1,9 milh\u00f5es para amplia\u00e7\u00e3o da Aten\u00e7\u00e3o Especializada em Doen\u00e7a Renal Cr\u00f4nica, beneficiando os pacientes que precisam de hemodi\u00e1lise.<\/p>\n<p><strong>Valora Minas<\/strong><\/p>\n<p>O secret\u00e1rio de Estado de Sa\u00fade, o m\u00e9dico F\u00e1bio Baccheretti, destacou o investimento que o Governo tem feito na sa\u00fade, como o programa Valora Minas.<\/p>\n<p>\u201cNo ano passado, pagamos R$ 9,5 bilh\u00f5es. S\u00f3 em Divin\u00f3polis o recurso do Valora aumentou tr\u00eas vezes, saindo de R$ 4,2 milh\u00f5es para R$ 12,8 milh\u00f5es. A gente vai sentir essa revolu\u00e7\u00e3o que est\u00e1 sendo feita na sa\u00fade p\u00fablica daqui alguns anos\u201d, afirmou Baccheretti.<\/p>\n<p>Desenvolvido pela Secretaria de Estado de Sa\u00fade (SES), o Valora Minas representa a reestrutura\u00e7\u00e3o da antiga Pol\u00edtica de Aten\u00e7\u00e3o Hospitalar do Estado, vigente desde 2003. A nova proposta leva em considera\u00e7\u00e3o as necessidades da popula\u00e7\u00e3o, corrigindo diferen\u00e7as na aplica\u00e7\u00e3o de recursos entre as regi\u00f5es. Ao todo, o governo vai destinar R$ 1 bilh\u00e3o para investimentos.<\/p>\n<p>O objetivo \u00e9 ampliar o acesso e melhorar a qualidade dos servi\u00e7os prestados \u00e0 popula\u00e7\u00e3o, aumentar a oferta de leitos e servi\u00e7os, principalmente nas especialidades de m\u00e9dia complexidade.<\/p>\n<p><strong>Investimentos em Divin\u00f3polis<\/strong><\/p>\n<p>Divin\u00f3polis foi contemplada com R$ 1,5 milh\u00e3o para investir em um tom\u00f3grafo no Hospital S\u00e3o Jo\u00e3o de Deus. O Governo de Minas empregou R$ 285 mil para a aquisi\u00e7\u00e3o de um ve\u00edculo de Transporte Sanit\u00e1rio Eletivo para garantir o atendimento m\u00e9dico das pessoas que precisam se deslocar para fazer exames ou consultas especializadas distantes de seu domic\u00edlio.<\/p>\n<p>O munic\u00edpio receber\u00e1 R$ 240 mil como adicional para custear as despesas com incremento de leitos para covid-19 em 2022. Outras dez cidades da macrorregi\u00e3o Oeste tamb\u00e9m poder\u00e3o contar com esse aporte, totalizando o investimento de R$ 2,2 milh\u00f5es.<\/p>\n<p>Por meio do Opera Mais, Minas Gerais, Divin\u00f3polis poder\u00e1 contar com R$ 1,8 milh\u00e3o para desafogar a fila de cirurgias eletivas que ficaram represadas durante a pandemia. O programa \u00e9 mais uma a\u00e7\u00e3o da Pol\u00edtica de Aten\u00e7\u00e3o Hospitalar, dentro do Valora Minas.<\/p>\n<p>A sa\u00fade teve investimento recorde no estado em 2021. Em Divin\u00f3polis, os recursos destinados para sa\u00fade no \u00faltimo ano totalizaram R$ 81,3 milh\u00f5es, valor \u00e9 121% maior que o repassado em 2017.<\/p>\n<p>Foram investidos R$ 3,5 milh\u00f5es para o fortalecimento dos cuidados prim\u00e1rios no munic\u00edpio. Isso representa melhorias em consultas m\u00e9dicas, de enfermagem, odontol\u00f3gicas, vacinas, curativos e sa\u00fade da fam\u00edlia, ajudando na\u00a0 preven\u00e7\u00e3o de doen\u00e7as e na redu\u00e7\u00e3o de atendimento de casos mais complexos. A macrorregi\u00e3o Oeste recebeu mais de R$ 47 milh\u00f5es para Aten\u00e7\u00e3o Prim\u00e1ria \u00e0 Sa\u00fade (APS). Em todo o estado, foram empregados R$ 857 milh\u00f5es, quase tr\u00eas vezes maior que o investimento acumulado dos quatro anos anteriores.<\/p>\n<p>Entre 2020 e 2021, o munic\u00edpio recebeu R$ 15,7 milh\u00f5es para subsidiar os gastos com a covid-19.<\/p>\n<p>Fonte: Ag\u00eancia Minas<\/p>\n","protected":false},"excerpt":{"rendered":"<p>O governador Romeu Zema e o secret\u00e1rio de Estado de\u00a0Sa\u00fade, o m\u00e9dico F\u00e1bio Baccheretti, estiveram, nesta quinta-feira (24\/3), na Superintend\u00eancia Regional de Sa\u00fade em Divin\u00f3polis para verificar os trabalhos feitos na unidade. A regional atende 53 munic\u00edpios e \u00e9 a segunda mais populosa do estado. O\u00a0Governo de Minas\u00a0destinou cerca de R$ 13,9 milh\u00f5es para a [&hellip;]<\/p>\n","protected":false},"author":246,"featured_media":196727,"comment_status":"closed","ping_status":"closed","sticky":false,"template":"","format":"standard","meta":{"footnotes":""},"categories":[436,440,254,439],"tags":[],"class_list":["post-196726","post","type-post","status-publish","format-standard","has-post-thumbnail","hentry","category-destaque-da-semana","category-destaques-do-dia","category-politica","category-ultima-hora"],"_links":{"self":[{"href":"https:\/\/diarioregionaldigital.com.br\/index.php?rest_route=\/wp\/v2\/posts\/196726","targetHints":{"allow":["GET"]}}],"collection":[{"href":"https:\/\/diarioregionaldigital.com.br\/index.php?rest_route=\/wp\/v2\/posts"}],"about":[{"href":"https:\/\/diarioregionaldigital.com.br\/index.php?rest_route=\/wp\/v2\/types\/post"}],"author":[{"embeddable":true,"href":"https:\/\/diarioregionaldigital.com.br\/index.php?rest_route=\/wp\/v2\/users\/246"}],"replies":[{"embeddable":true,"href":"https:\/\/diarioregionaldigital.com.br\/index.php?rest_route=%2Fwp%2Fv2%2Fcomments&post=196726"}],"version-history":[{"count":1,"href":"https:\/\/diarioregionaldigital.com.br\/index.php?rest_route=\/wp\/v2\/posts\/196726\/revisions"}],"predecessor-version":[{"id":196728,"href":"https:\/\/diarioregionaldigital.com.br\/index.php?rest_route=\/wp\/v2\/posts\/196726\/revisions\/196728"}],"wp:featuredmedia":[{"embeddable":true,"href":"https:\/\/diarioregionaldigital.com.br\/index.php?rest_route=\/wp\/v2\/media\/196727"}],"wp:attachment":[{"href":"https:\/\/diarioregionaldigital.com.br\/index.php?rest_route=%2Fwp%2Fv2%2Fmedia&parent=196726"}],"wp:term":[{"taxonomy":"category","embeddable":true,"href":"https:\/\/diarioregionaldigital.com.br\/index.php?rest_route=%2Fwp%2Fv2%2Fcategories&post=196726"},{"taxonomy":"post_tag","embeddable":true,"href":"https:\/\/diarioregionaldigital.com.br\/index.php?rest_route=%2Fwp%2Fv2%2Ftags&post=196726"}],"curies":[{"name":"wp","href":"https:\/\/api.w.org\/{rel}","templated":true}]}}