{"id":196717,"date":"2022-03-25T10:51:31","date_gmt":"2022-03-25T13:51:31","guid":{"rendered":"https:\/\/diarioregionaldigital.com.br\/?p=196717"},"modified":"2022-03-25T10:51:31","modified_gmt":"2022-03-25T13:51:31","slug":"confianca-do-consumidor-recua-31-pontos-em-marco","status":"publish","type":"post","link":"https:\/\/diarioregionaldigital.com.br\/?p=196717","title":{"rendered":"Confian\u00e7a do consumidor recua 3,1 pontos em mar\u00e7o"},"content":{"rendered":"<p>O\u00a0\u00cdndice de Confian\u00e7a do Consumidor (ICC), medido pela Funda\u00e7\u00e3o Getulio Vargas (FGV),\u00a0caiu 3,1 pontos\u00a0de fevereiro\u00a0para mar\u00e7o deste ano. Com isso, o indicador chegou a 74,8 pontos, em uma escala de 0 a 200.<img decoding=\"async\" src=\"https:\/\/agenciabrasil.ebc.com.br\/ebc.png?id=1450458&amp;o=node\" \/><img decoding=\"async\" src=\"https:\/\/agenciabrasil.ebc.com.br\/ebc.gif?id=1450458&amp;o=node\" \/><\/p>\n<p>O \u00cdndice de Situa\u00e7\u00e3o Atual (ISA), que mede a confian\u00e7a no presente, recuou 2,6 pontos e atingiu 65,3, o menor n\u00edvel desde abril de 2021 (64,5 pontos).<\/p>\n<p>O \u00cdndice de Expectativas (IE), que avalia a percep\u00e7\u00e3o dos consumidores sobre o futuro, teve queda de 3,2 pontos e passou para 82,5, retornando ao patamar pr\u00f3ximo ao observado em outubro de 2021 (82,4 pontos).<\/p>\n<p>Fonte: Ag\u00eancia Brasil<\/p>\n","protected":false},"excerpt":{"rendered":"<p>O\u00a0\u00cdndice de Confian\u00e7a do Consumidor (ICC), medido pela Funda\u00e7\u00e3o Getulio Vargas (FGV),\u00a0caiu 3,1 pontos\u00a0de fevereiro\u00a0para mar\u00e7o deste ano. Com isso, o indicador chegou a 74,8 pontos, em uma escala de 0 a 200. O \u00cdndice de Situa\u00e7\u00e3o Atual (ISA), que mede a confian\u00e7a no presente, recuou 2,6 pontos e atingiu 65,3, o menor n\u00edvel desde [&hellip;]<\/p>\n","protected":false},"author":246,"featured_media":196718,"comment_status":"closed","ping_status":"closed","sticky":false,"template":"","format":"standard","meta":{"footnotes":""},"categories":[436,261,439],"tags":[],"class_list":["post-196717","post","type-post","status-publish","format-standard","has-post-thumbnail","hentry","category-destaque-da-semana","category-economia","category-ultima-hora"],"_links":{"self":[{"href":"https:\/\/diarioregionaldigital.com.br\/index.php?rest_route=\/wp\/v2\/posts\/196717","targetHints":{"allow":["GET"]}}],"collection":[{"href":"https:\/\/diarioregionaldigital.com.br\/index.php?rest_route=\/wp\/v2\/posts"}],"about":[{"href":"https:\/\/diarioregionaldigital.com.br\/index.php?rest_route=\/wp\/v2\/types\/post"}],"author":[{"embeddable":true,"href":"https:\/\/diarioregionaldigital.com.br\/index.php?rest_route=\/wp\/v2\/users\/246"}],"replies":[{"embeddable":true,"href":"https:\/\/diarioregionaldigital.com.br\/index.php?rest_route=%2Fwp%2Fv2%2Fcomments&post=196717"}],"version-history":[{"count":1,"href":"https:\/\/diarioregionaldigital.com.br\/index.php?rest_route=\/wp\/v2\/posts\/196717\/revisions"}],"predecessor-version":[{"id":196719,"href":"https:\/\/diarioregionaldigital.com.br\/index.php?rest_route=\/wp\/v2\/posts\/196717\/revisions\/196719"}],"wp:featuredmedia":[{"embeddable":true,"href":"https:\/\/diarioregionaldigital.com.br\/index.php?rest_route=\/wp\/v2\/media\/196718"}],"wp:attachment":[{"href":"https:\/\/diarioregionaldigital.com.br\/index.php?rest_route=%2Fwp%2Fv2%2Fmedia&parent=196717"}],"wp:term":[{"taxonomy":"category","embeddable":true,"href":"https:\/\/diarioregionaldigital.com.br\/index.php?rest_route=%2Fwp%2Fv2%2Fcategories&post=196717"},{"taxonomy":"post_tag","embeddable":true,"href":"https:\/\/diarioregionaldigital.com.br\/index.php?rest_route=%2Fwp%2Fv2%2Ftags&post=196717"}],"curies":[{"name":"wp","href":"https:\/\/api.w.org\/{rel}","templated":true}]}}