{"id":196713,"date":"2022-03-25T10:48:36","date_gmt":"2022-03-25T13:48:36","guid":{"rendered":"https:\/\/diarioregionaldigital.com.br\/?p=196713"},"modified":"2022-03-25T10:48:36","modified_gmt":"2022-03-25T13:48:36","slug":"previa-da-inflacao-oficial-fica-em-095-em-marco-diz-ibge","status":"publish","type":"post","link":"https:\/\/diarioregionaldigital.com.br\/?p=196713","title":{"rendered":"Pr\u00e9via da infla\u00e7\u00e3o oficial fica em 0,95% em mar\u00e7o, diz IBGE"},"content":{"rendered":"<p align=\"left\">O\u00a0\u00cdndice Nacional de Pre\u00e7os ao Consumidor Amplo 15 (IPCA-15), que mede a pr\u00e9via da infla\u00e7\u00e3o oficial, ficou em 0,95% em mar\u00e7o deste ano. Esta \u00e9 a maior alta de pre\u00e7os para uma pr\u00e9via<span id=\"OBJ_PREFIX_DWT701_com_zimbra_date\" role=\"link\">\u00a0de mar<\/span>\u00e7o desde 2015 (1,24%).<img decoding=\"async\" src=\"https:\/\/agenciabrasil.ebc.com.br\/ebc.png?id=1450453&amp;o=node\" \/><img decoding=\"async\" src=\"https:\/\/agenciabrasil.ebc.com.br\/ebc.gif?id=1450453&amp;o=node\" \/><\/p>\n<p align=\"left\">Os dados\u00a0foram divulgados\u00a0<span id=\"OBJ_PREFIX_DWT698_com_zimbra_date\" role=\"link\"><span id=\"OBJ_PREFIX_DWT702_com_zimbra_date\" role=\"link\">hoje<\/span><\/span>\u00a0(25) pelo Instituto Brasileiro de Geografia e Estat\u00edstica (IBGE).<\/p>\n<p align=\"left\">A taxa ficou, no entanto, abaixo da observada na pr\u00e9via do m\u00eas anterior (0,99%). O IPCA-15 acumula taxa de 10,79% em 12 meses. O IPCA-E, que mede o IPCA-15 trimestral, ficou em 2,54%.<\/p>\n<p align=\"left\">De acordo com o IBGE, os nove grupos de produtos e servi\u00e7os tiveram alta de pre\u00e7os, com destaque para os alimentos e bebidas, com taxa de infla\u00e7\u00e3o de 1,95%, acima do 1,20% de fevereiro.<\/p>\n<p align=\"left\">Entre os itens com maiores altas, destacam-se a\u00a0cenoura\u00a0(45,65%), o\u00a0tomate\u00a0(15,46%), as\u00a0frutas\u00a0(6,34%), a\u00a0batata-inglesa\u00a0(11,81%), o\u00a0ovo de galinha\u00a0(6,53%) e o\u00a0leite longa vida\u00a0(3,41%).<\/p>\n<p align=\"left\">Outros grupos com impacto relevante na pr\u00e9via da infla\u00e7\u00e3o foram sa\u00fade e cuidados pessoais (1,30%), transportes (0,68%), habita\u00e7\u00e3o (0,53%) e artigos de resid\u00eancia (1,47%).<\/p>\n<p align=\"left\">No caso da sa\u00fade, os itens com altas mais importantes foram\u00a0<strong>higiene pessoal<\/strong>\u00a0(3,98%),\u00a0<strong>perfumes<\/strong>\u00a0(12,84%), produtos farmac\u00eauticos (0,83%) e servi\u00e7os m\u00e9dicos e dent\u00e1rios (0,58%).<\/p>\n<p align=\"left\">No caso dos transportes, os principais impactos vieram da gasolina (0,83%),\u00a0<strong>\u00f3leo diesel<\/strong>\u00a0(4,10%) e\u00a0<strong>g\u00e1s veicular<\/strong>\u00a0(5,89%).<\/p>\n<p>Fonte: Ag\u00eancia Brasil<\/p>\n","protected":false},"excerpt":{"rendered":"<p>O\u00a0\u00cdndice Nacional de Pre\u00e7os ao Consumidor Amplo 15 (IPCA-15), que mede a pr\u00e9via da infla\u00e7\u00e3o oficial, ficou em 0,95% em mar\u00e7o deste ano. Esta \u00e9 a maior alta de pre\u00e7os para uma pr\u00e9via\u00a0de mar\u00e7o desde 2015 (1,24%). Os dados\u00a0foram divulgados\u00a0hoje\u00a0(25) pelo Instituto Brasileiro de Geografia e Estat\u00edstica (IBGE). A taxa ficou, no entanto, abaixo da [&hellip;]<\/p>\n","protected":false},"author":246,"featured_media":196714,"comment_status":"closed","ping_status":"closed","sticky":false,"template":"","format":"standard","meta":{"footnotes":""},"categories":[436,261,439],"tags":[],"class_list":["post-196713","post","type-post","status-publish","format-standard","has-post-thumbnail","hentry","category-destaque-da-semana","category-economia","category-ultima-hora"],"_links":{"self":[{"href":"https:\/\/diarioregionaldigital.com.br\/index.php?rest_route=\/wp\/v2\/posts\/196713","targetHints":{"allow":["GET"]}}],"collection":[{"href":"https:\/\/diarioregionaldigital.com.br\/index.php?rest_route=\/wp\/v2\/posts"}],"about":[{"href":"https:\/\/diarioregionaldigital.com.br\/index.php?rest_route=\/wp\/v2\/types\/post"}],"author":[{"embeddable":true,"href":"https:\/\/diarioregionaldigital.com.br\/index.php?rest_route=\/wp\/v2\/users\/246"}],"replies":[{"embeddable":true,"href":"https:\/\/diarioregionaldigital.com.br\/index.php?rest_route=%2Fwp%2Fv2%2Fcomments&post=196713"}],"version-history":[{"count":2,"href":"https:\/\/diarioregionaldigital.com.br\/index.php?rest_route=\/wp\/v2\/posts\/196713\/revisions"}],"predecessor-version":[{"id":196716,"href":"https:\/\/diarioregionaldigital.com.br\/index.php?rest_route=\/wp\/v2\/posts\/196713\/revisions\/196716"}],"wp:featuredmedia":[{"embeddable":true,"href":"https:\/\/diarioregionaldigital.com.br\/index.php?rest_route=\/wp\/v2\/media\/196714"}],"wp:attachment":[{"href":"https:\/\/diarioregionaldigital.com.br\/index.php?rest_route=%2Fwp%2Fv2%2Fmedia&parent=196713"}],"wp:term":[{"taxonomy":"category","embeddable":true,"href":"https:\/\/diarioregionaldigital.com.br\/index.php?rest_route=%2Fwp%2Fv2%2Fcategories&post=196713"},{"taxonomy":"post_tag","embeddable":true,"href":"https:\/\/diarioregionaldigital.com.br\/index.php?rest_route=%2Fwp%2Fv2%2Ftags&post=196713"}],"curies":[{"name":"wp","href":"https:\/\/api.w.org\/{rel}","templated":true}]}}