{"id":196661,"date":"2022-03-24T01:57:16","date_gmt":"2022-03-24T04:57:16","guid":{"rendered":"https:\/\/diarioregionaldigital.com.br\/?p=196661"},"modified":"2022-03-24T01:57:16","modified_gmt":"2022-03-24T04:57:16","slug":"monte-castelo-e-outros-sete-bairros-recebem-operacao-tapa-buracos","status":"publish","type":"post","link":"https:\/\/diarioregionaldigital.com.br\/?p=196661","title":{"rendered":"Monte Castelo e outros sete bairros recebem opera\u00e7\u00e3o tapa-buracos"},"content":{"rendered":"<p>Segundo informa\u00e7\u00f5es do site da Prefeitura de Juiz de Fora,\u00a0 nesta quarta-feira, 23, equipes da Empresa Municipal de Pavimenta\u00e7\u00e3o e Urbaniza\u00e7\u00e3o (Empav) deram sequ\u00eancia \u00e0 opera\u00e7\u00e3o tapa-buracos e aos servi\u00e7os de corre\u00e7\u00e3o de eros\u00e3o em diversos bairros de Juiz de Fora.<br \/>\nDentre os bairros atendidos, destaque para o Monte Castelo, na zona norte, regi\u00e3o que ainda sente os reflexos das fortes chuvas de fevereiro. Nesta quarta, 23, servidores estiveram nas ruas Nazira Matar de Freitas e Maria Geralda de Freitas. A opera\u00e7\u00e3o seguir\u00e1 pelas outras vias do bairro nos pr\u00f3ximos dias.<br \/>\nEquipes da Empav tamb\u00e9m seguem com os trabalhos de recomposi\u00e7\u00e3o asf\u00e1ltica em outros sete bairros do munic\u00edpio, confira:<br \/>\nRua Hor\u00e1rio Jos\u00e9 Moreira &#8211; J\u00f3quei Clube (corre\u00e7\u00e3o de eros\u00e3o)<\/p>\n<p>Rua Ivan Fontes Martins &#8211; Bairro Industrial<\/p>\n<p>Rua Poeta C\u00e9lio Grunewald &#8211; Nova Benfica<\/p>\n<p>Rua Jos\u00e9 Ribeiro de Matos &#8211; Nova Benfica<\/p>\n<p>Rua Caxambu &#8211; S\u00e3o Benedito<\/p>\n<p>Rua S\u00e3o Jos\u00e9 &#8211; S\u00e3o Benedito<\/p>\n<p>Rua Nazira Matar de Freitas &#8211; Monte Castelo<\/p>\n<p>Rua Maria Geralda de Freitas &#8211; Monte Castelo<\/p>\n<p>Rua dos Pinheirais &#8211; Aeroporto<\/p>\n<p>Rua das Orqu\u00eddeas &#8211; Aeroporto<\/p>\n<p>Rua Porto das Flores &#8211; Santa Luzia<\/p>\n<p>Rua Jos\u00e9 Hon\u00f3rio &#8211; Alto dos Pinheiros<\/p>\n<p>Rua Carmen Lawal Coelho &#8211; Alto dos Pinheiros<br \/>\nA programa\u00e7\u00e3o di\u00e1ria de todas as atividades realizadas pela Empav pode ser acompanhada atrav\u00e9s da p\u00e1gina do Gabinete de A\u00e7\u00e3o e Di\u00e1logo Comunit\u00e1rio, pelo<a href=\"https:\/\/www.pjf.mg.gov.br\/gabinetecomunitario\/#onde\">\u00a0<strong>link<\/strong><\/a>.<br \/>\nTodas as a\u00e7\u00f5es de reestrutura\u00e7\u00e3o, urbaniza\u00e7\u00e3o e zeladoria realizadas pela Empav fazem parte do Programa Boniteza. Voc\u00ea pode solicitar estes e outros servi\u00e7os atrav\u00e9s do Gabinete de A\u00e7\u00e3o e Di\u00e1logo Comunit\u00e1rio, que recebe e organiza pedidos relativos a interven\u00e7\u00f5es e melhorias urbanas. O contato pode ser feito por liga\u00e7\u00e3o telef\u00f4nica, pelo n\u00famero (32) 3690-7241 ou, ainda, via WhatsApp, utilizando o mesmo n\u00famero.<\/p>\n","protected":false},"excerpt":{"rendered":"<p>Segundo informa\u00e7\u00f5es do site da Prefeitura de Juiz de Fora,\u00a0 nesta quarta-feira, 23, equipes da Empresa Municipal de Pavimenta\u00e7\u00e3o e Urbaniza\u00e7\u00e3o (Empav) deram sequ\u00eancia \u00e0 opera\u00e7\u00e3o tapa-buracos e aos servi\u00e7os de corre\u00e7\u00e3o de eros\u00e3o em diversos bairros de Juiz de Fora. Dentre os bairros atendidos, destaque para o Monte Castelo, na zona norte, regi\u00e3o que [&hellip;]<\/p>\n","protected":false},"author":246,"featured_media":196662,"comment_status":"closed","ping_status":"closed","sticky":false,"template":"","format":"standard","meta":{"footnotes":""},"categories":[253,436,439],"tags":[],"class_list":["post-196661","post","type-post","status-publish","format-standard","has-post-thumbnail","hentry","category-cidade","category-destaque-da-semana","category-ultima-hora"],"_links":{"self":[{"href":"https:\/\/diarioregionaldigital.com.br\/index.php?rest_route=\/wp\/v2\/posts\/196661","targetHints":{"allow":["GET"]}}],"collection":[{"href":"https:\/\/diarioregionaldigital.com.br\/index.php?rest_route=\/wp\/v2\/posts"}],"about":[{"href":"https:\/\/diarioregionaldigital.com.br\/index.php?rest_route=\/wp\/v2\/types\/post"}],"author":[{"embeddable":true,"href":"https:\/\/diarioregionaldigital.com.br\/index.php?rest_route=\/wp\/v2\/users\/246"}],"replies":[{"embeddable":true,"href":"https:\/\/diarioregionaldigital.com.br\/index.php?rest_route=%2Fwp%2Fv2%2Fcomments&post=196661"}],"version-history":[{"count":1,"href":"https:\/\/diarioregionaldigital.com.br\/index.php?rest_route=\/wp\/v2\/posts\/196661\/revisions"}],"predecessor-version":[{"id":196663,"href":"https:\/\/diarioregionaldigital.com.br\/index.php?rest_route=\/wp\/v2\/posts\/196661\/revisions\/196663"}],"wp:featuredmedia":[{"embeddable":true,"href":"https:\/\/diarioregionaldigital.com.br\/index.php?rest_route=\/wp\/v2\/media\/196662"}],"wp:attachment":[{"href":"https:\/\/diarioregionaldigital.com.br\/index.php?rest_route=%2Fwp%2Fv2%2Fmedia&parent=196661"}],"wp:term":[{"taxonomy":"category","embeddable":true,"href":"https:\/\/diarioregionaldigital.com.br\/index.php?rest_route=%2Fwp%2Fv2%2Fcategories&post=196661"},{"taxonomy":"post_tag","embeddable":true,"href":"https:\/\/diarioregionaldigital.com.br\/index.php?rest_route=%2Fwp%2Fv2%2Ftags&post=196661"}],"curies":[{"name":"wp","href":"https:\/\/api.w.org\/{rel}","templated":true}]}}