{"id":196653,"date":"2022-03-24T01:53:30","date_gmt":"2022-03-24T04:53:30","guid":{"rendered":"https:\/\/diarioregionaldigital.com.br\/?p=196653"},"modified":"2022-03-24T01:53:30","modified_gmt":"2022-03-24T04:53:30","slug":"prefeitura-anuncia-realizacao-de-grandes-obras-para-prevencao-de-alagamentos","status":"publish","type":"post","link":"https:\/\/diarioregionaldigital.com.br\/?p=196653","title":{"rendered":"Prefeitura anuncia realiza\u00e7\u00e3o de grandes obras para preven\u00e7\u00e3o de alagamentos"},"content":{"rendered":"<p>\u201cAs cidades n\u00e3o foram constru\u00eddas pensando em resili\u00eancia. N\u00f3s estamos fazendo obras important\u00edssimas para garantir que, na pr\u00f3xima temporada das \u00e1guas, as pessoas n\u00e3o tenham medo\u201d, declarou a prefeita Margarida Salom\u00e3o no evento de celebra\u00e7\u00e3o ao Dia Mundial da \u00c1gua, realizado pela Prefeitura de Juiz de Fora (PJF), na \u00faltima ter\u00e7a-feira, 22, segundo informa\u00e7\u00f5es do site da Prefeitura de Juiz de Fora.<\/p>\n<p>Margarida referia-se a uma s\u00e9rie de interven\u00e7\u00f5es realizadas de forma preventiva e emergenciais no \u00faltimo per\u00edodo das chuvas, como tamb\u00e9m de outras grandes obras previstas para ainda este ano. No bairro Santa Rita, ser\u00e1 conclu\u00edda a nova rede de drenagem ainda em mar\u00e7o. Neste primeiro semestre, terminar\u00e1 a instala\u00e7\u00e3o da nova rede de abastecimento, esgoto e drenagem no bairro Parque Serra Verde. No Distrito Industrial, as obras de drenagem v\u00e3o come\u00e7ar em abril e a da \u201cV\u00e1rzea de Benfica\u201d j\u00e1 est\u00e1 em fase de licita\u00e7\u00e3o. Foi contratada empresa para fazer o projeto executivo que vai solucionar o problema de enchentes e inunda\u00e7\u00f5es no Bairro Industrial.<\/p>\n<p>Todas essas a\u00e7\u00f5es foram anunciadas pelo secret\u00e1rio de Obras, Lincoln Santos, que lembrou de outras iniciativas fundamentais para a cidade avan\u00e7ar na resili\u00eancia. \u201cN\u00f3s contratamos o plano de drenagem urbana, que vai fazer o levantamento de toda a cidade, estamos fazendo um banco de projetos para conseguirmos os recursos, estamos fazendo estudos da bacia do c\u00f3rrego S\u00e3o Pedro e a instala\u00e7\u00e3o da Mesa de Di\u00e1logo para a solu\u00e7\u00e3o das enchentes da regi\u00e3o de Santa Luzia\u201d.<\/p>\n<p>Para o Sr. Geraldo Elias da Silva, morador do bairro industrial h\u00e1 mais de 45 anos, o problema das enchentes no bairro, h\u00e1 tempos ficou esquecido. \u201cTemos muita esperan\u00e7a nessas obras, todas as a\u00e7\u00f5es e propostas apresentadas hoje foram muito boas para a cidade. Esse evento tamb\u00e9m foi muito bom porque comunica direto com\u00a0 todas as comunidades\u201d, destacou.<\/p>\n<p><strong>Dia Mundial da \u00c1gua<\/strong><\/p>\n<p>Em celebra\u00e7\u00e3o ao Dia Mundial da \u00c1gua, titulares do Executivo apresentaram o painel &#8220;Juiz de Fora: mudan\u00e7as clim\u00e1ticas e os desafios para construir uma cidade resiliente&#8221;. Lideran\u00e7as comunit\u00e1rias de v\u00e1rias regi\u00f5es, representantes parlamentares e pessoas interessadas no tema encheram o audit\u00f3rio do Teatro Paschoal Carlos Magno.<\/p>\n<p>A secret\u00e1ria de Sustentabilidade em Meio Ambiente e Atividades Urbanas, Aline Junqueira, ressaltou a necessidade de pol\u00edticas de incentivo, de preserva\u00e7\u00e3o dos recursos,\u00a0 destacando o Programa Nossa \u00c1gua. Ela ressaltou a necessidade de mudan\u00e7as culturais. \u201cPara um futuro melhor, \u00e9 fundamental pequenos gestos, como n\u00e3o cimentar todo o quintal no terreno, n\u00e3o pedir para cortar as \u00e1rvores porque as folhas incomodam. E tamb\u00e9m que os empreendimentos sejam realizados para melhorar a qualidade de vida da cidade\u201d.<\/p>\n<p>O diretor-presidente da Cesama, J\u00falio Teixeira, citou as obras da quarta adutora e outras a\u00e7\u00f5es aparentemente menores, mas de grande impacto. \u201cN\u00f3s precisamos garantir abastecimento com \u00e1gua pot\u00e1vel para os pr\u00f3ximos 70 anos e tamb\u00e9m agir para ampliar o acesso. Quando acabamos com uma taxa de instala\u00e7\u00e3o que chegava a mais de R$ 700, ou quando individualizamos os hidr\u00f4metros de conjuntos residenciais populares, n\u00f3s fazemos isso\u201d.<\/p>\n<p>A secret\u00e1ria de Governo, Cidinha Louzada, lembrou da import\u00e2ncia do fortalecimento da Defesa Civil, da atua\u00e7\u00e3o integrada das secretarias desde a preven\u00e7\u00e3o at\u00e9 o enfrentamento das grandes chuvas desde o final do ano passado. Ela tamb\u00e9m falou sobre loteamentos irregulares. \u201cEssa irresponsabilidade, de vender sonhos, e depois n\u00e3o implantar infraestrutura nenhuma, deixando para o poder p\u00fablico levar o que ele tinha obriga\u00e7\u00e3o de fazer, impede direitos b\u00e1sicos e transforma a \u00e1gua em uma inimiga. Mas a \u00e1gua \u00e9 vida.\u201d<\/p>\n<p>A solenidade faz parte de uma s\u00e9rie de atividades realizadas pela prefeitura entre os dias 16 e 22 de mar\u00e7o, em\u00a0 comemora\u00e7\u00e3o \u00e0 Semana da \u00c1gua.<\/p>\n","protected":false},"excerpt":{"rendered":"<p>\u201cAs cidades n\u00e3o foram constru\u00eddas pensando em resili\u00eancia. N\u00f3s estamos fazendo obras important\u00edssimas para garantir que, na pr\u00f3xima temporada das \u00e1guas, as pessoas n\u00e3o tenham medo\u201d, declarou a prefeita Margarida Salom\u00e3o no evento de celebra\u00e7\u00e3o ao Dia Mundial da \u00c1gua, realizado pela Prefeitura de Juiz de Fora (PJF), na \u00faltima ter\u00e7a-feira, 22, segundo informa\u00e7\u00f5es do [&hellip;]<\/p>\n","protected":false},"author":246,"featured_media":196654,"comment_status":"closed","ping_status":"closed","sticky":false,"template":"","format":"standard","meta":{"footnotes":""},"categories":[253,436,439],"tags":[],"class_list":["post-196653","post","type-post","status-publish","format-standard","has-post-thumbnail","hentry","category-cidade","category-destaque-da-semana","category-ultima-hora"],"_links":{"self":[{"href":"https:\/\/diarioregionaldigital.com.br\/index.php?rest_route=\/wp\/v2\/posts\/196653","targetHints":{"allow":["GET"]}}],"collection":[{"href":"https:\/\/diarioregionaldigital.com.br\/index.php?rest_route=\/wp\/v2\/posts"}],"about":[{"href":"https:\/\/diarioregionaldigital.com.br\/index.php?rest_route=\/wp\/v2\/types\/post"}],"author":[{"embeddable":true,"href":"https:\/\/diarioregionaldigital.com.br\/index.php?rest_route=\/wp\/v2\/users\/246"}],"replies":[{"embeddable":true,"href":"https:\/\/diarioregionaldigital.com.br\/index.php?rest_route=%2Fwp%2Fv2%2Fcomments&post=196653"}],"version-history":[{"count":2,"href":"https:\/\/diarioregionaldigital.com.br\/index.php?rest_route=\/wp\/v2\/posts\/196653\/revisions"}],"predecessor-version":[{"id":196656,"href":"https:\/\/diarioregionaldigital.com.br\/index.php?rest_route=\/wp\/v2\/posts\/196653\/revisions\/196656"}],"wp:featuredmedia":[{"embeddable":true,"href":"https:\/\/diarioregionaldigital.com.br\/index.php?rest_route=\/wp\/v2\/media\/196654"}],"wp:attachment":[{"href":"https:\/\/diarioregionaldigital.com.br\/index.php?rest_route=%2Fwp%2Fv2%2Fmedia&parent=196653"}],"wp:term":[{"taxonomy":"category","embeddable":true,"href":"https:\/\/diarioregionaldigital.com.br\/index.php?rest_route=%2Fwp%2Fv2%2Fcategories&post=196653"},{"taxonomy":"post_tag","embeddable":true,"href":"https:\/\/diarioregionaldigital.com.br\/index.php?rest_route=%2Fwp%2Fv2%2Ftags&post=196653"}],"curies":[{"name":"wp","href":"https:\/\/api.w.org\/{rel}","templated":true}]}}