{"id":196643,"date":"2022-03-24T01:46:04","date_gmt":"2022-03-24T04:46:04","guid":{"rendered":"https:\/\/diarioregionaldigital.com.br\/?p=196643"},"modified":"2022-03-24T01:46:04","modified_gmt":"2022-03-24T04:46:04","slug":"cbf-elege-ednaldo-rodrigues-presidente-em-meio-a-imbroglio-judicial","status":"publish","type":"post","link":"https:\/\/diarioregionaldigital.com.br\/?p=196643","title":{"rendered":"CBF elege Ednaldo Rodrigues presidente em meio a imbr\u00f3glio judicial"},"content":{"rendered":"<p>A Confedera\u00e7\u00e3o Brasileira de Futebol (CBF) elegeu nesta quarta-feira (24) Ednaldo Rodrigues, de 68 anos, como o novo presidente da entidade, pelo per\u00edodo de quatro anos. Candidato de chapa \u00fanica, Rodrigues ocupava interinamente a presid\u00eancia da CBF, desde agosto do ano passado, quando Rog\u00e9rio Caboclo foi destitu\u00eddo do cargo, ap\u00f3s acusa\u00e7\u00f5es de ass\u00e9dio sexual e moral. A elei\u00e7\u00e3o ocorreu menos 24 horas ap\u00f3s decis\u00e3o do juiz Henrique Gomes de Barros Teixeira (1\u00aa Vara C\u00edvel de Macei\u00f3) suspendendo o pleito, ap\u00f3s a\u00e7\u00e3o impetrada por Gustavo Feij\u00f3, um dos oito ex-vice-presidentes da CBF (gest\u00e3o Caboclo).<\/p>\n<p>O novo presidente da CBF foi eleito por 137 votos de um total de 141. Das 27 federa\u00e7\u00f5es, apenas a Alagoana faltou ao pleito. Os votos dos 20 clubes da S\u00e9rie A do Campeonato Brasileiro tiveram peso 2, totalizando 40. J\u00e1 a soma de votos da S\u00e9rie B (peso 1) foi de 19, j\u00e1 que a Ponte Preta n\u00e3o votou, por conta de problema com a procura\u00e7\u00e3o.<\/p>\n<p>Logo ap\u00f3s a elei\u00e7\u00e3o na sede da CBF, no Rio de Janeiro, Ednaldo Rodrigues tomou posse ao lado de seus oito vice-presidentes, e falou das dificuldades que passou interinamente como presidente interino.<\/p>\n<p>\u201cNesses \u00faltimos meses, eu sofri todo tipo de press\u00e3o, todo tipo de preconceito, tive meus telefones grampeados, meus e-mails violados, o e-mail do gabinete da presid\u00eancia da CBF tamb\u00e9m violado. E preconceitos que ainda existem em todos os segmentos da sociedade, mas que sempre eu procurei resistir. O preconceito por ser do Nordeste, por ser baiano com muito orgulho, por ser do interior, de Vit\u00f3ria da Conquista onde nasci e me orgulho de ser filho. O preconceito por ser negro. Essa \u00e9 a grande realidade, a grande resposta\u201d, disse Rodrigues.<\/p>\n<p>O dirigente tamb\u00e9m deixou uma mensagem de unifica\u00e7\u00e3o voltada \u00e0s federa\u00e7\u00f5es e respectivos representantes.<\/p>\n<p>&#8220;Que esta entidade seja dos filiados, das federa\u00e7\u00f5es, dos clubes da S\u00e9rie A, da B, da C, da D, do futebol brasileiro. E que nenhuma interfer\u00eancia externa possa subjugar este trabalho. Neste momento, quero agradecer a todos voc\u00eas de uma forma penhorada, por esse apoio, por esse decisivo n\u00e3o ao preconceito. E dizer que, juntos, queremos construir um futebol brasileiro que seja de pureza, de transpar\u00eancia, em que os clubes possam ter voz, n\u00e3o s\u00f3 votos. Que eles desenhem o que \u00e9 melhor para todos eles. Que as federa\u00e7\u00f5es coloquem seus nomes na modernidade do futebol brasileiro&#8221;.<\/p>\n<p>Dos oito vices que tomaram posse tamb\u00e9m nesta quarta (23) , metade \u00e9 estreante no cargo. \u00c9 o caso de Rubem Lopes (presidente da Ferj), Reinaldo Carneiro Bastos (presidente da Federa\u00e7\u00e3o Paulista), H\u00e9lio Cury (presidente da Federa\u00e7\u00e3o Paranaense) e Roberto G\u00f3es (presidente da Federa\u00e7\u00e3o do Amap\u00e1). Entre os remanescentes da gest\u00e3o Caboclo, est\u00e1 Ant\u00f4nio Aquino (presidente da Federa\u00e7\u00e3o do Acre) e tr\u00eas vices sem envolvimento com federa\u00e7\u00f5es: Francisco Noveletto (Rio Grande do Sul), Marcus Vicente (Esp\u00edrito Santo) e Fernando Sarney (Maranh\u00e3o).<\/p>\n<p>Fonte: Ag\u00eancia Brasil<\/p>\n","protected":false},"excerpt":{"rendered":"<p>A Confedera\u00e7\u00e3o Brasileira de Futebol (CBF) elegeu nesta quarta-feira (24) Ednaldo Rodrigues, de 68 anos, como o novo presidente da entidade, pelo per\u00edodo de quatro anos. Candidato de chapa \u00fanica, Rodrigues ocupava interinamente a presid\u00eancia da CBF, desde agosto do ano passado, quando Rog\u00e9rio Caboclo foi destitu\u00eddo do cargo, ap\u00f3s acusa\u00e7\u00f5es de ass\u00e9dio sexual e [&hellip;]<\/p>\n","protected":false},"author":246,"featured_media":196644,"comment_status":"closed","ping_status":"closed","sticky":false,"template":"","format":"standard","meta":{"footnotes":""},"categories":[436,257,439],"tags":[],"class_list":["post-196643","post","type-post","status-publish","format-standard","has-post-thumbnail","hentry","category-destaque-da-semana","category-esporte","category-ultima-hora"],"_links":{"self":[{"href":"https:\/\/diarioregionaldigital.com.br\/index.php?rest_route=\/wp\/v2\/posts\/196643","targetHints":{"allow":["GET"]}}],"collection":[{"href":"https:\/\/diarioregionaldigital.com.br\/index.php?rest_route=\/wp\/v2\/posts"}],"about":[{"href":"https:\/\/diarioregionaldigital.com.br\/index.php?rest_route=\/wp\/v2\/types\/post"}],"author":[{"embeddable":true,"href":"https:\/\/diarioregionaldigital.com.br\/index.php?rest_route=\/wp\/v2\/users\/246"}],"replies":[{"embeddable":true,"href":"https:\/\/diarioregionaldigital.com.br\/index.php?rest_route=%2Fwp%2Fv2%2Fcomments&post=196643"}],"version-history":[{"count":2,"href":"https:\/\/diarioregionaldigital.com.br\/index.php?rest_route=\/wp\/v2\/posts\/196643\/revisions"}],"predecessor-version":[{"id":196646,"href":"https:\/\/diarioregionaldigital.com.br\/index.php?rest_route=\/wp\/v2\/posts\/196643\/revisions\/196646"}],"wp:featuredmedia":[{"embeddable":true,"href":"https:\/\/diarioregionaldigital.com.br\/index.php?rest_route=\/wp\/v2\/media\/196644"}],"wp:attachment":[{"href":"https:\/\/diarioregionaldigital.com.br\/index.php?rest_route=%2Fwp%2Fv2%2Fmedia&parent=196643"}],"wp:term":[{"taxonomy":"category","embeddable":true,"href":"https:\/\/diarioregionaldigital.com.br\/index.php?rest_route=%2Fwp%2Fv2%2Fcategories&post=196643"},{"taxonomy":"post_tag","embeddable":true,"href":"https:\/\/diarioregionaldigital.com.br\/index.php?rest_route=%2Fwp%2Fv2%2Ftags&post=196643"}],"curies":[{"name":"wp","href":"https:\/\/api.w.org\/{rel}","templated":true}]}}