{"id":196635,"date":"2022-03-24T01:43:07","date_gmt":"2022-03-24T04:43:07","guid":{"rendered":"https:\/\/diarioregionaldigital.com.br\/?p=196635"},"modified":"2022-03-24T01:43:07","modified_gmt":"2022-03-24T04:43:07","slug":"tite-afirma-que-e-uma-alegria-voltar-a-comandar-o-brasil-no-maracana","status":"publish","type":"post","link":"https:\/\/diarioregionaldigital.com.br\/?p=196635","title":{"rendered":"Tite afirma que \u00e9 uma alegria voltar a comandar o Brasil no Maracan\u00e3"},"content":{"rendered":"<p>\u201cO templo do futebol mundial, eu vejo desta forma. Fecho os olhos e vejo alguns lugares aos quais fui, Maracan\u00e3 e Wembley [Inglaterra], n\u00e3o consigo enxergar outro est\u00e1dio que represente a magnitude do futebol assim como estes\u201d, declarou o comandante do Brasil em entrevista coletiva concedida nesta quarta-feira (23), um dia antes da partida contra o Chile v\u00e1lida pelas Eliminat\u00f3rias para a Copa do Mundo, programada para come\u00e7ar \u00e0s 20h30 (hor\u00e1rio de Bras\u00edlia).<\/p>\n<p>Na entrevista, Tite tamb\u00e9m pregou respeito ao advers\u00e1rio do Brasil na partida, o Chile, que ainda luta por uma vaga para a pr\u00f3xima Copa do Mundo: \u201cTenho muito respeito pelo Chile. Uma coisa \u00e9 querer ser melhor, competitivo, leal, forte, ser melhor tecnicamente e querer vencer o jogo. A outra \u00e9 respeitar o outro lado. Da mesma forma que os outros est\u00e3o brigando pela classifica\u00e7\u00e3o, n\u00f3s estamos nos preparando para a Copa\u201d.<\/p>\n<p>Por\u00e9m, o treinador deixou claro que respeito n\u00e3o representa abrir m\u00e3o de uma vit\u00f3ria, de prefer\u00eancia com uma boa atua\u00e7\u00e3o: \u201cTomara que tenhamos compet\u00eancia para sair [de campo] com uma boa apresenta\u00e7\u00e3o, [alcan\u00e7ando um] bom resultado, [com] sintonia, [e] uma energia legal. \u00c9 isso que buscamos, esse \u00e9 o nosso desafio, a press\u00e3o que temos&#8221;.<\/p>\n<p>Fonte: Ag\u00eancia Brasil<\/p>\n","protected":false},"excerpt":{"rendered":"<p>\u201cO templo do futebol mundial, eu vejo desta forma. Fecho os olhos e vejo alguns lugares aos quais fui, Maracan\u00e3 e Wembley [Inglaterra], n\u00e3o consigo enxergar outro est\u00e1dio que represente a magnitude do futebol assim como estes\u201d, declarou o comandante do Brasil em entrevista coletiva concedida nesta quarta-feira (23), um dia antes da partida contra [&hellip;]<\/p>\n","protected":false},"author":246,"featured_media":196636,"comment_status":"closed","ping_status":"closed","sticky":false,"template":"","format":"standard","meta":{"footnotes":""},"categories":[436,440,257,439],"tags":[],"class_list":["post-196635","post","type-post","status-publish","format-standard","has-post-thumbnail","hentry","category-destaque-da-semana","category-destaques-do-dia","category-esporte","category-ultima-hora"],"_links":{"self":[{"href":"https:\/\/diarioregionaldigital.com.br\/index.php?rest_route=\/wp\/v2\/posts\/196635","targetHints":{"allow":["GET"]}}],"collection":[{"href":"https:\/\/diarioregionaldigital.com.br\/index.php?rest_route=\/wp\/v2\/posts"}],"about":[{"href":"https:\/\/diarioregionaldigital.com.br\/index.php?rest_route=\/wp\/v2\/types\/post"}],"author":[{"embeddable":true,"href":"https:\/\/diarioregionaldigital.com.br\/index.php?rest_route=\/wp\/v2\/users\/246"}],"replies":[{"embeddable":true,"href":"https:\/\/diarioregionaldigital.com.br\/index.php?rest_route=%2Fwp%2Fv2%2Fcomments&post=196635"}],"version-history":[{"count":2,"href":"https:\/\/diarioregionaldigital.com.br\/index.php?rest_route=\/wp\/v2\/posts\/196635\/revisions"}],"predecessor-version":[{"id":196638,"href":"https:\/\/diarioregionaldigital.com.br\/index.php?rest_route=\/wp\/v2\/posts\/196635\/revisions\/196638"}],"wp:featuredmedia":[{"embeddable":true,"href":"https:\/\/diarioregionaldigital.com.br\/index.php?rest_route=\/wp\/v2\/media\/196636"}],"wp:attachment":[{"href":"https:\/\/diarioregionaldigital.com.br\/index.php?rest_route=%2Fwp%2Fv2%2Fmedia&parent=196635"}],"wp:term":[{"taxonomy":"category","embeddable":true,"href":"https:\/\/diarioregionaldigital.com.br\/index.php?rest_route=%2Fwp%2Fv2%2Fcategories&post=196635"},{"taxonomy":"post_tag","embeddable":true,"href":"https:\/\/diarioregionaldigital.com.br\/index.php?rest_route=%2Fwp%2Fv2%2Ftags&post=196635"}],"curies":[{"name":"wp","href":"https:\/\/api.w.org\/{rel}","templated":true}]}}