{"id":196622,"date":"2022-03-24T01:30:54","date_gmt":"2022-03-24T04:30:54","guid":{"rendered":"https:\/\/diarioregionaldigital.com.br\/?p=196622"},"modified":"2022-03-24T01:30:54","modified_gmt":"2022-03-24T04:30:54","slug":"pacheco-alerta-para-banalizacao-do-mal-em-evento-sobre-o-holocausto","status":"publish","type":"post","link":"https:\/\/diarioregionaldigital.com.br\/?p=196622","title":{"rendered":"Pacheco alerta para &#8216;banaliza\u00e7\u00e3o do mal&#8217; em evento sobre o Holocausto"},"content":{"rendered":"<p>O presidente do Senado, Rodrigo Pacheco (PSD-MG), defendeu nesta quarta-feira (23) o combate ao &#8220;discurso de \u00f3dio&#8221; e \u00e0 &#8220;banaliza\u00e7\u00e3o do mal&#8221; ao abrir o semin\u00e1rio Discurso de \u00d3dio e a Banaliza\u00e7\u00e3o do Holocausto.<img decoding=\"async\" src=\"https:\/\/agenciabrasil.ebc.com.br\/ebc.png?id=1450203&amp;o=node\" \/><img decoding=\"async\" src=\"https:\/\/agenciabrasil.ebc.com.br\/ebc.gif?id=1450203&amp;o=node\" \/><\/p>\n<p>\u201cNesta quadra hist\u00f3rica do Brasil, o combate aos discursos de \u00f3dio e \u00e0 banaliza\u00e7\u00e3o do mal \u00e9 uma responsabilidade que se imp\u00f5e a toda a sociedade e tamb\u00e9m ao Parlamento, para que estejamos unidos e vigilantes\u201d, disse o senador, na sa\u00edda do evento.<\/p>\n<p>Em sua fala, Pacheco citou o livro Eichmann em Jerusal\u00e9m \u2014 um relato sobre a banalidade do mal, da fil\u00f3sofa Hannah Arendt, para ressaltar a import\u00e2ncia de &#8220;estamos sempre vigilantes, para que coisas como as que aconteceram naquele momento n\u00e3o se repitam&#8221;. O livro descreve o julgamento do criminoso de guerra nazista Adolf Eichmann.<\/p>\n<p>Pacheco lembrou o esfor\u00e7o que o Senado e a C\u00e2mara v\u00eam realizando, com a aprova\u00e7\u00e3o de projetos de lei, para impedir que as redes sociais sejam usadas para &#8220;banalizar e disseminar o mal&#8221;.<\/p>\n<p>\u201cEsse \u00e9 o compromisso c\u00edvico que todos n\u00f3s brasileiros temos, para n\u00e3o deixar o Brasil se transformar num pa\u00eds de \u00f3dio, de divis\u00e3o, de hostiliza\u00e7\u00e3o, de radicaliza\u00e7\u00e3o, de extremismo. Essa \u00e9 uma responsabilidade que neste momento se exige do Congresso Nacional: de agir muito rapidamente para que isso n\u00e3o aconte\u00e7a no pa\u00eds\u201d, disse.<\/p>\n<p>Organizado pela Confedera\u00e7\u00e3o Israelita do Brasil (Conib), com apoio do Congresso Nacional, o evento foi realizado no Audit\u00f3rio Freitas Nobre da C\u00e2mara dos Deputados.<\/p>\n<p>Fonte: Ag\u00eancia Brasil \/ Ag\u00eancia Senado<\/p>\n","protected":false},"excerpt":{"rendered":"<p>O presidente do Senado, Rodrigo Pacheco (PSD-MG), defendeu nesta quarta-feira (23) o combate ao &#8220;discurso de \u00f3dio&#8221; e \u00e0 &#8220;banaliza\u00e7\u00e3o do mal&#8221; ao abrir o semin\u00e1rio Discurso de \u00d3dio e a Banaliza\u00e7\u00e3o do Holocausto. \u201cNesta quadra hist\u00f3rica do Brasil, o combate aos discursos de \u00f3dio e \u00e0 banaliza\u00e7\u00e3o do mal \u00e9 uma responsabilidade que se [&hellip;]<\/p>\n","protected":false},"author":246,"featured_media":196623,"comment_status":"closed","ping_status":"closed","sticky":false,"template":"","format":"standard","meta":{"footnotes":""},"categories":[436,440,254,439],"tags":[],"class_list":["post-196622","post","type-post","status-publish","format-standard","has-post-thumbnail","hentry","category-destaque-da-semana","category-destaques-do-dia","category-politica","category-ultima-hora"],"_links":{"self":[{"href":"https:\/\/diarioregionaldigital.com.br\/index.php?rest_route=\/wp\/v2\/posts\/196622","targetHints":{"allow":["GET"]}}],"collection":[{"href":"https:\/\/diarioregionaldigital.com.br\/index.php?rest_route=\/wp\/v2\/posts"}],"about":[{"href":"https:\/\/diarioregionaldigital.com.br\/index.php?rest_route=\/wp\/v2\/types\/post"}],"author":[{"embeddable":true,"href":"https:\/\/diarioregionaldigital.com.br\/index.php?rest_route=\/wp\/v2\/users\/246"}],"replies":[{"embeddable":true,"href":"https:\/\/diarioregionaldigital.com.br\/index.php?rest_route=%2Fwp%2Fv2%2Fcomments&post=196622"}],"version-history":[{"count":1,"href":"https:\/\/diarioregionaldigital.com.br\/index.php?rest_route=\/wp\/v2\/posts\/196622\/revisions"}],"predecessor-version":[{"id":196624,"href":"https:\/\/diarioregionaldigital.com.br\/index.php?rest_route=\/wp\/v2\/posts\/196622\/revisions\/196624"}],"wp:featuredmedia":[{"embeddable":true,"href":"https:\/\/diarioregionaldigital.com.br\/index.php?rest_route=\/wp\/v2\/media\/196623"}],"wp:attachment":[{"href":"https:\/\/diarioregionaldigital.com.br\/index.php?rest_route=%2Fwp%2Fv2%2Fmedia&parent=196622"}],"wp:term":[{"taxonomy":"category","embeddable":true,"href":"https:\/\/diarioregionaldigital.com.br\/index.php?rest_route=%2Fwp%2Fv2%2Fcategories&post=196622"},{"taxonomy":"post_tag","embeddable":true,"href":"https:\/\/diarioregionaldigital.com.br\/index.php?rest_route=%2Fwp%2Fv2%2Ftags&post=196622"}],"curies":[{"name":"wp","href":"https:\/\/api.w.org\/{rel}","templated":true}]}}