{"id":196617,"date":"2022-03-23T23:24:01","date_gmt":"2022-03-24T02:24:01","guid":{"rendered":"https:\/\/diarioregionaldigital.com.br\/?p=196617"},"modified":"2022-03-23T23:24:01","modified_gmt":"2022-03-24T02:24:01","slug":"comercio-exterior-do-agronegocio-tem-saldo-de-us-93-bi-em-fevereiro","status":"publish","type":"post","link":"https:\/\/diarioregionaldigital.com.br\/?p=196617","title":{"rendered":"Com\u00e9rcio exterior do agroneg\u00f3cio tem saldo de US$ 9,3 bi em fevereiro"},"content":{"rendered":"<p>O com\u00e9rcio exterior do agroneg\u00f3cio brasileiro registrou saldo positivo de US$ 9,3 bilh\u00f5es na balan\u00e7a comercial em fevereiro deste ano. O volume \u00e9 resultado das exporta\u00e7\u00f5es do setor, que tiveram alta de 64,5% em fevereiro em rela\u00e7\u00e3o ao mesmo m\u00eas de 2021 e atingiram US$ 10,5 bilh\u00f5es. Houve contribui\u00e7\u00e3o tamb\u00e9m das importa\u00e7\u00f5es, que atingiram US$ 1,2 bilh\u00e3o, um avan\u00e7o de 2,0% ante igual m\u00eas do ano anterior.<img decoding=\"async\" src=\"https:\/\/agenciabrasil.ebc.com.br\/ebc.png?id=1450101&amp;o=node\" \/><img decoding=\"async\" src=\"https:\/\/agenciabrasil.ebc.com.br\/ebc.gif?id=1450101&amp;o=node\" \/><\/p>\n<p>J\u00e1 na balan\u00e7a comercial com produtos de todos os setores, os resultados indicam super\u00e1vit de US$ 4,0 milh\u00f5es. Os dados foram divulgados hoje (23), no Rio de Janeiro, pelo Instituto de Pesquisa Econ\u00f4mica Aplicada (Ipea).<\/p>\n<p>A forte eleva\u00e7\u00e3o dos pre\u00e7os internacionais das principais\u00a0<em>commodities<\/em>\u00a0[mercadorias] da pauta exportadora brasileira, em parte, explica a alta do valor das exporta\u00e7\u00f5es de fevereiro, segundo o Ipea.<\/p>\n<p>\u201cOs pre\u00e7os internacionais da soja e do milho est\u00e3o pr\u00f3ximos das m\u00e1ximas hist\u00f3ricas. Como resultado, em fevereiro o valor mensal das exporta\u00e7\u00f5es ficou acima do registrado em qualquer m\u00eas de 2019 e 2020\u201d, acrescentou o instituto.<\/p>\n<h2>Demanda aquecida<\/h2>\n<p>Os altos valores das exporta\u00e7\u00f5es da carne bovina em 2022 devem se manter com a alta dos pre\u00e7os internacionais desse produto e com a demanda aquecida. Em sentido diferente, a exporta\u00e7\u00e3o de carne su\u00edna sofreu impacto da queda nos pre\u00e7os internacionais, causada pela redu\u00e7\u00e3o das importa\u00e7\u00f5es da China, pa\u00eds em que este rebanho tem apresentado recomposi\u00e7\u00e3o.<\/p>\n<p>Em fevereiro, houve recuo de 48% nos envios de carne su\u00edna brasileira para a China na compara\u00e7\u00e3o com fevereiro de 2021. \u201cA queda foi parcialmente compensada pelos demais destinos, todavia, fechou com volume exportado 12,7% inferior ao de fevereiro passado\u201d, explicou o Ipea.<\/p>\n<p>Depois de recuos mensais cont\u00ednuos entre julho de 2021 e janeiro de 2022, o caf\u00e9 teve crescimento nas quantidades exportadas. Foram justamente as exporta\u00e7\u00f5es que ajudaram a conter o vi\u00e9s de valoriza\u00e7\u00e3o dos pre\u00e7os que durava desde o fim do ano passado. Esse cen\u00e1rio sofreu impacto com o come\u00e7o da guerra entre R\u00fassia e Ucr\u00e2nia.<\/p>\n<p>Dez dos quinze produtos acompanhados pelo grupo de conjuntura tamb\u00e9m apresentaram alta na quantidade exportada, al\u00e9m de eleva\u00e7\u00e3o no valor da maior parte das\u00a0<em>commodities\u00a0<\/em>exportadas.<\/p>\n<p>O complexo da soja e da carne bovina foi a principal contribui\u00e7\u00e3o para o desempenho de fevereiro com as maiores varia\u00e7\u00f5es em rela\u00e7\u00e3o a fevereiro de 2021: soja em gr\u00e3os (137,0%), farelo de soja (52,8%), \u00f3leo de soja (30,0%) e carne bovina (42,0%). No entanto, a esperada queda de produ\u00e7\u00e3o para a safra atual estimada pelo Instituto de Geografia e Estat\u00edstica (IBGE) e pela Companhia Nacional de Abastecimento (Conab) deve prejudicar a quantidade exportada do produto e de seus derivados em 2022.<\/p>\n<p>O destaque no crescimento de 2,0% nas importa\u00e7\u00f5es do agroneg\u00f3cio em fevereiro foi o trigo, principal produto da pauta, com avan\u00e7o de 10,9% em quantidade e 26,5% em valor.<\/p>\n<p>\u201cA alta nos pre\u00e7os internacionais do gr\u00e3o vem sendo observada ap\u00f3s o in\u00edcio do conflito entre R\u00fassia e Ucr\u00e2nia, dois dos maiores exportadores do produto. Mesmo com a estimativa de crescimento de 2,6% da produ\u00e7\u00e3o brasileira estimada pela Conab, a demanda dom\u00e9stica continuar\u00e1 n\u00e3o sendo atendida pela produ\u00e7\u00e3o nacional e, por isso, as incertezas frente \u00e0 produ\u00e7\u00e3o e comercializa\u00e7\u00e3o mundial do produto gerar\u00e3o consequ\u00eancias para o mercado dom\u00e9stico brasileiro este ano, principalmente nos produtos que usam o trigo como insumo, como p\u00e3es e massas\u201d, informou o Ipea.<\/p>\n<h2>Mudan\u00e7as clim\u00e1ticas<\/h2>\n<p>Acrescentou que dois fatores t\u00eam contribu\u00eddo para mudan\u00e7as significativas no com\u00e9rcio mundial de\u00a0<em>commodities<\/em>. Um deles s\u00e3o as mudan\u00e7as clim\u00e1ticas e outros fen\u00f4menos como a La Ni\u00f1a [resfriamento anormal das \u00e1guas superficiais do Oceano Pac\u00edfico] e as estiagens que impactaram principalmente a produ\u00e7\u00e3o de gr\u00e3os, a\u00e7\u00facar, caf\u00e9 e prote\u00edna animal. O outro motivo \u00e9 relacionado \u00e0 incerteza quanto \u00e0 oferta de diversos produtos comprometidos pela guerra entre R\u00fassia e Ucr\u00e2nia.<\/p>\n<p>Ainda conforme o Ipea, pa\u00edses no entorno do conflito, como Bulg\u00e1ria e Hungria, reduziram ou suspenderam as exporta\u00e7\u00f5es de gr\u00e3os em consequ\u00eancia do risco de desabastecimento interno. Mas os pre\u00e7os dos ativos energ\u00e9ticos, met\u00e1licos e gr\u00e3os tiveram fortes altas em mar\u00e7o. Enquanto isso, a\u00e7\u00facar, caf\u00e9, cacau e at\u00e9 mesmo a carne bovina, consideradas\u00a0<em>soft commodities<\/em>, \u201cinterromperam a sequ\u00eancia de altas, revertendo em queda por causa da sua menor essencialidade em um cen\u00e1rio de conflitos\u201d, finalizou.<\/p>\n<p>Fonte: Ag\u00eancia Brasil<\/p>\n","protected":false},"excerpt":{"rendered":"<p>O com\u00e9rcio exterior do agroneg\u00f3cio brasileiro registrou saldo positivo de US$ 9,3 bilh\u00f5es na balan\u00e7a comercial em fevereiro deste ano. O volume \u00e9 resultado das exporta\u00e7\u00f5es do setor, que tiveram alta de 64,5% em fevereiro em rela\u00e7\u00e3o ao mesmo m\u00eas de 2021 e atingiram US$ 10,5 bilh\u00f5es. Houve contribui\u00e7\u00e3o tamb\u00e9m das importa\u00e7\u00f5es, que atingiram US$ [&hellip;]<\/p>\n","protected":false},"author":246,"featured_media":196618,"comment_status":"closed","ping_status":"closed","sticky":false,"template":"","format":"standard","meta":{"footnotes":""},"categories":[436,261,439],"tags":[],"class_list":["post-196617","post","type-post","status-publish","format-standard","has-post-thumbnail","hentry","category-destaque-da-semana","category-economia","category-ultima-hora"],"_links":{"self":[{"href":"https:\/\/diarioregionaldigital.com.br\/index.php?rest_route=\/wp\/v2\/posts\/196617","targetHints":{"allow":["GET"]}}],"collection":[{"href":"https:\/\/diarioregionaldigital.com.br\/index.php?rest_route=\/wp\/v2\/posts"}],"about":[{"href":"https:\/\/diarioregionaldigital.com.br\/index.php?rest_route=\/wp\/v2\/types\/post"}],"author":[{"embeddable":true,"href":"https:\/\/diarioregionaldigital.com.br\/index.php?rest_route=\/wp\/v2\/users\/246"}],"replies":[{"embeddable":true,"href":"https:\/\/diarioregionaldigital.com.br\/index.php?rest_route=%2Fwp%2Fv2%2Fcomments&post=196617"}],"version-history":[{"count":1,"href":"https:\/\/diarioregionaldigital.com.br\/index.php?rest_route=\/wp\/v2\/posts\/196617\/revisions"}],"predecessor-version":[{"id":196619,"href":"https:\/\/diarioregionaldigital.com.br\/index.php?rest_route=\/wp\/v2\/posts\/196617\/revisions\/196619"}],"wp:featuredmedia":[{"embeddable":true,"href":"https:\/\/diarioregionaldigital.com.br\/index.php?rest_route=\/wp\/v2\/media\/196618"}],"wp:attachment":[{"href":"https:\/\/diarioregionaldigital.com.br\/index.php?rest_route=%2Fwp%2Fv2%2Fmedia&parent=196617"}],"wp:term":[{"taxonomy":"category","embeddable":true,"href":"https:\/\/diarioregionaldigital.com.br\/index.php?rest_route=%2Fwp%2Fv2%2Fcategories&post=196617"},{"taxonomy":"post_tag","embeddable":true,"href":"https:\/\/diarioregionaldigital.com.br\/index.php?rest_route=%2Fwp%2Fv2%2Ftags&post=196617"}],"curies":[{"name":"wp","href":"https:\/\/api.w.org\/{rel}","templated":true}]}}